{"id":3293,"date":"2014-08-25T20:34:50","date_gmt":"2014-08-25T19:34:50","guid":{"rendered":"http:\/\/www.granadablogs.com\/juezcalatayud\/?p=3293"},"modified":"2014-08-25T20:36:39","modified_gmt":"2014-08-25T19:36:39","slug":"la-eleccion-de-los-acaldes","status":"publish","type":"post","link":"https:\/\/www.granadablogs.com\/juezcalatayud\/2014\/08\/la-eleccion-de-los-acaldes\/","title":{"rendered":"La elecci\u00f3n de los alcaldes"},"content":{"rendered":"<p>Buenas, soy Emilio Calatayud. Me parece bien la idea de que los ciudadanos elijan directamente a su\u00a0alcalde. Pero, \u00bfpor qu\u00e9 solo los alcaldes? \u00bfPor qu\u00e9 no al presidente del Gobierno y a los de las autonom\u00edas? No lo entiendo. Ya puestos, lo ideal ser\u00eda hacer una reforma electoral general. Y en esa reforma general el kilo de andaluz o manchego deber\u00eda valer lo mismo que el kilo de catal\u00e1n o vasco, digo yo. Y tambi\u00e9n se deber\u00edan limitar los mandatos: no m\u00e1s de ocho a\u00f1os en ning\u00fan caso. Es decir, que eso deber\u00eda valer para los concejales y para el presidente del Gobierno. Y listas abiertas&#8230; En fin, \u00bfpor qu\u00e9 limitar la reforma solo a la elecci\u00f3n de los alcaldes?<\/p>\n","protected":false},"excerpt":{"rendered":"<p>Buenas, soy Emilio Calatayud. Me parece bien la idea de que los ciudadanos elijan directamente a su\u00a0alcalde. Pero, \u00bfpor qu\u00e9 solo los alcaldes? \u00bfPor qu\u00e9 no al presidente del Gobierno y a los de las autonom\u00edas? No lo entiendo. Ya puestos, lo ideal ser\u00eda hacer una reforma electoral general. Y en esa reforma general el [&hellip;]<\/p>\n","protected":false},"author":2,"featured_media":0,"comment_status":"open","ping_status":"open","sticky":false,"template":"","format":"standard","meta":{"jetpack_post_was_ever_published":false,"_jetpack_newsletter_access":"","_jetpack_dont_email_post_to_subs":false,"_jetpack_newsletter_tier_id":0,"_jetpack_memberships_contains_paywalled_content":false,"_jetpack_memberships_contains_paid_content":false,"footnotes":""},"categories":[1],"tags":[923,922],"class_list":["post-3293","post","type-post","status-publish","format-standard","hentry","category-blog","tag-alcaldes","tag-eleccion"],"jetpack_featured_media_url":"","jetpack_shortlink":"https:\/\/wp.me\/p5fzW5-R7","jetpack-related-posts":[],"jetpack_sharing_enabled":true,"_links":{"self":[{"href":"https:\/\/www.granadablogs.com\/juezcalatayud\/wp-json\/wp\/v2\/posts\/3293","targetHints":{"allow":["GET"]}}],"collection":[{"href":"https:\/\/www.granadablogs.com\/juezcalatayud\/wp-json\/wp\/v2\/posts"}],"about":[{"href":"https:\/\/www.granadablogs.com\/juezcalatayud\/wp-json\/wp\/v2\/types\/post"}],"author":[{"embeddable":true,"href":"https:\/\/www.granadablogs.com\/juezcalatayud\/wp-json\/wp\/v2\/users\/2"}],"replies":[{"embeddable":true,"href":"https:\/\/www.granadablogs.com\/juezcalatayud\/wp-json\/wp\/v2\/comments?post=3293"}],"version-history":[{"count":3,"href":"https:\/\/www.granadablogs.com\/juezcalatayud\/wp-json\/wp\/v2\/posts\/3293\/revisions"}],"predecessor-version":[{"id":3296,"href":"https:\/\/www.granadablogs.com\/juezcalatayud\/wp-json\/wp\/v2\/posts\/3293\/revisions\/3296"}],"wp:attachment":[{"href":"https:\/\/www.granadablogs.com\/juezcalatayud\/wp-json\/wp\/v2\/media?parent=3293"}],"wp:term":[{"taxonomy":"category","embeddable":true,"href":"https:\/\/www.granadablogs.com\/juezcalatayud\/wp-json\/wp\/v2\/categories?post=3293"},{"taxonomy":"post_tag","embeddable":true,"href":"https:\/\/www.granadablogs.com\/juezcalatayud\/wp-json\/wp\/v2\/tags?post=3293"}],"curies":[{"name":"wp","href":"https:\/\/api.w.org\/{rel}","templated":true}]}}