{"id":3252,"date":"2014-07-18T20:03:38","date_gmt":"2014-07-18T19:03:38","guid":{"rendered":"http:\/\/www.granadablogs.com\/juezcalatayud\/?p=3252"},"modified":"2014-07-18T20:03:38","modified_gmt":"2014-07-18T19:03:38","slug":"don-emilio-en-san-sebastian-y-ribeira","status":"publish","type":"post","link":"https:\/\/www.granadablogs.com\/juezcalatayud\/2014\/07\/don-emilio-en-san-sebastian-y-ribeira\/","title":{"rendered":"Don Emilio, en San Sebasti\u00e1n y Ribeira"},"content":{"rendered":"<p>Por si fuera de vuestro inter\u00e9s, aqu\u00ed van un par de noticias sacadas directamente de la agenda de don Emilio: el pr\u00f3ximo d\u00eda 24 de este mes de julio, estar\u00e1 en San Sebasti\u00e1n, o Donosti, para participar en los cursos de verano de la Universidad del Pa\u00eds Vasco. El juez hablar\u00e1 sobre\u00a0 padres desesperados con hijos adolescentes en el Palacio de Miramar. Ser\u00e1 a partir de las nueve de la ma\u00f1ana y pensamos que a la conferencia solo podr\u00e1n asistir los alumnos que se hayan matriculado (aunque la verdad es que no lo sabemos seguro). En cualquier caso, es probable que los medios donostiarras se hagan eco de su ponencia.<\/p>\n<p>Y el d\u00eda 28 de julio, \u00a0invitado\u00a0tambi\u00e9n por una\u00a0universidad: la Men\u00e9ndez Pelayo, disertar\u00e1 en la localidad gallega de Ribeira, en A Coru\u00f1a. Tambi\u00e9n ser\u00e1 por la ma\u00f1ana e imaginamos que, al igual que en San Sebasti\u00e1n, el acceso quedar\u00e1 reservado para los alumnos.<\/p>\n<p>Con el calorazo que est\u00e1 haciendo por Granada, nada mejor que perderse en el verde norte.<\/p>\n","protected":false},"excerpt":{"rendered":"<p>Por si fuera de vuestro inter\u00e9s, aqu\u00ed van un par de noticias sacadas directamente de la agenda de don Emilio: el pr\u00f3ximo d\u00eda 24 de este mes de julio, estar\u00e1 en San Sebasti\u00e1n, o Donosti, para participar en los cursos de verano de la Universidad del Pa\u00eds Vasco. El juez hablar\u00e1 sobre\u00a0 padres desesperados con [&hellip;]<\/p>\n","protected":false},"author":3,"featured_media":0,"comment_status":"open","ping_status":"open","sticky":false,"template":"","format":"standard","meta":{"jetpack_post_was_ever_published":false,"_jetpack_newsletter_access":"","_jetpack_dont_email_post_to_subs":false,"_jetpack_newsletter_tier_id":0,"_jetpack_memberships_contains_paywalled_content":false,"_jetpack_memberships_contains_paid_content":false,"footnotes":""},"categories":[1],"tags":[905,904],"class_list":["post-3252","post","type-post","status-publish","format-standard","hentry","category-blog","tag-ribeira","tag-san-sebastian"],"jetpack_featured_media_url":"","jetpack_shortlink":"https:\/\/wp.me\/p5fzW5-Qs","jetpack-related-posts":[],"jetpack_sharing_enabled":true,"_links":{"self":[{"href":"https:\/\/www.granadablogs.com\/juezcalatayud\/wp-json\/wp\/v2\/posts\/3252","targetHints":{"allow":["GET"]}}],"collection":[{"href":"https:\/\/www.granadablogs.com\/juezcalatayud\/wp-json\/wp\/v2\/posts"}],"about":[{"href":"https:\/\/www.granadablogs.com\/juezcalatayud\/wp-json\/wp\/v2\/types\/post"}],"author":[{"embeddable":true,"href":"https:\/\/www.granadablogs.com\/juezcalatayud\/wp-json\/wp\/v2\/users\/3"}],"replies":[{"embeddable":true,"href":"https:\/\/www.granadablogs.com\/juezcalatayud\/wp-json\/wp\/v2\/comments?post=3252"}],"version-history":[{"count":2,"href":"https:\/\/www.granadablogs.com\/juezcalatayud\/wp-json\/wp\/v2\/posts\/3252\/revisions"}],"predecessor-version":[{"id":3254,"href":"https:\/\/www.granadablogs.com\/juezcalatayud\/wp-json\/wp\/v2\/posts\/3252\/revisions\/3254"}],"wp:attachment":[{"href":"https:\/\/www.granadablogs.com\/juezcalatayud\/wp-json\/wp\/v2\/media?parent=3252"}],"wp:term":[{"taxonomy":"category","embeddable":true,"href":"https:\/\/www.granadablogs.com\/juezcalatayud\/wp-json\/wp\/v2\/categories?post=3252"},{"taxonomy":"post_tag","embeddable":true,"href":"https:\/\/www.granadablogs.com\/juezcalatayud\/wp-json\/wp\/v2\/tags?post=3252"}],"curies":[{"name":"wp","href":"https:\/\/api.w.org\/{rel}","templated":true}]}}