{"id":3237,"date":"2014-07-07T21:12:55","date_gmt":"2014-07-07T20:12:55","guid":{"rendered":"http:\/\/www.granadablogs.com\/juezcalatayud\/?p=3237"},"modified":"2014-07-07T21:12:55","modified_gmt":"2014-07-07T20:12:55","slug":"el-programa-de-television-entre-todos-y-los-derechos-de-los-menores","status":"publish","type":"post","link":"https:\/\/www.granadablogs.com\/juezcalatayud\/2014\/07\/el-programa-de-television-entre-todos-y-los-derechos-de-los-menores\/","title":{"rendered":"El programa de televisi\u00f3n &#8216;Entre todos&#8217; y los derechos de los menores"},"content":{"rendered":"<p>Buenas, soy Emilio Calatayud. Todav\u00eda no se ha apagado el debate sobre el programa de TVE en el que unos padres ped\u00edan ayuda para su hijo discapacitado y menor de edad. Veamos, la Ley de Protecci\u00f3n del Menor es de tal entidad que protege a los ni\u00f1os hasta de sus propios padres, porque pueden existir intereses contrapuestos entre ellos y, en ese caso, debe prevalecer siempre el inter\u00e9s superior del menor. Es lo que dice la ley y yo estoy de acuerdo. Lo que ocurri\u00f3 en ese programa estuvo mal y no debe hacerse. Los responsables de esos espacios tienen que saberlo y no forzar las cosas para tener m\u00e1s audiencia. Pero tambi\u00e9n digo que me siento incapaz de juzgar a los padres: si tienes un hijo discpacitado y las ayudas no te acaban de llegar o no son suficientes, que es lo que est\u00e1 pasando con la crisis, haces lo que sea por \u00e9l. Yo desde luego lo har\u00eda. Un saludo.<\/p>\n","protected":false},"excerpt":{"rendered":"<p>Buenas, soy Emilio Calatayud. Todav\u00eda no se ha apagado el debate sobre el programa de TVE en el que unos padres ped\u00edan ayuda para su hijo discapacitado y menor de edad. Veamos, la Ley de Protecci\u00f3n del Menor es de tal entidad que protege a los ni\u00f1os hasta de sus propios padres, porque pueden existir [&hellip;]<\/p>\n","protected":false},"author":2,"featured_media":0,"comment_status":"open","ping_status":"open","sticky":false,"template":"","format":"standard","meta":{"jetpack_post_was_ever_published":false,"_jetpack_newsletter_access":"","_jetpack_dont_email_post_to_subs":false,"_jetpack_newsletter_tier_id":0,"_jetpack_memberships_contains_paywalled_content":false,"_jetpack_memberships_contains_paid_content":false,"footnotes":""},"categories":[1],"tags":[895,117,894],"class_list":["post-3237","post","type-post","status-publish","format-standard","hentry","category-blog","tag-entre-todos","tag-programa","tag-tve"],"jetpack_featured_media_url":"","jetpack_shortlink":"https:\/\/wp.me\/p5fzW5-Qd","jetpack-related-posts":[],"jetpack_sharing_enabled":true,"_links":{"self":[{"href":"https:\/\/www.granadablogs.com\/juezcalatayud\/wp-json\/wp\/v2\/posts\/3237","targetHints":{"allow":["GET"]}}],"collection":[{"href":"https:\/\/www.granadablogs.com\/juezcalatayud\/wp-json\/wp\/v2\/posts"}],"about":[{"href":"https:\/\/www.granadablogs.com\/juezcalatayud\/wp-json\/wp\/v2\/types\/post"}],"author":[{"embeddable":true,"href":"https:\/\/www.granadablogs.com\/juezcalatayud\/wp-json\/wp\/v2\/users\/2"}],"replies":[{"embeddable":true,"href":"https:\/\/www.granadablogs.com\/juezcalatayud\/wp-json\/wp\/v2\/comments?post=3237"}],"version-history":[{"count":2,"href":"https:\/\/www.granadablogs.com\/juezcalatayud\/wp-json\/wp\/v2\/posts\/3237\/revisions"}],"predecessor-version":[{"id":3239,"href":"https:\/\/www.granadablogs.com\/juezcalatayud\/wp-json\/wp\/v2\/posts\/3237\/revisions\/3239"}],"wp:attachment":[{"href":"https:\/\/www.granadablogs.com\/juezcalatayud\/wp-json\/wp\/v2\/media?parent=3237"}],"wp:term":[{"taxonomy":"category","embeddable":true,"href":"https:\/\/www.granadablogs.com\/juezcalatayud\/wp-json\/wp\/v2\/categories?post=3237"},{"taxonomy":"post_tag","embeddable":true,"href":"https:\/\/www.granadablogs.com\/juezcalatayud\/wp-json\/wp\/v2\/tags?post=3237"}],"curies":[{"name":"wp","href":"https:\/\/api.w.org\/{rel}","templated":true}]}}