{"id":3230,"date":"2014-07-04T20:04:45","date_gmt":"2014-07-04T19:04:45","guid":{"rendered":"http:\/\/www.granadablogs.com\/juezcalatayud\/?p=3230"},"modified":"2014-07-04T20:04:45","modified_gmt":"2014-07-04T19:04:45","slug":"luchar-contra-la-pobreza-como-asignatura","status":"publish","type":"post","link":"https:\/\/www.granadablogs.com\/juezcalatayud\/2014\/07\/luchar-contra-la-pobreza-como-asignatura\/","title":{"rendered":"Luchar contra la pobreza como asignatura"},"content":{"rendered":"<div style=\"font-family: Tahoma; direction: ltr; color: #000000; font-size: 10pt;\">\n<p style=\"line-height: 19px; font-family: Georgia,'Times New Roman','Bitstream Charter',Times,serif; color: #333333;\">Buenas, soy Emilio Calatayud. Leo que los estudiantes catalanes de tercero y cuarto de ESO van a tener que realizar trabajos en beneficio de la comunidad como parte de su formaci\u00f3n. Es decir, que luchar contra el hambre y ayudar al banco de alimentos, por poner un ejemplo, ser\u00e1 como una asignatura m\u00e1s. Me parece bien. Me consta que ya hay universidades privadas que exigen a sus alumnos que colaboren con la comunidad para que aprueben la carrera, y est\u00e1 bien que esa idea comience a implantarse tambi\u00e9n en lo p\u00fablico. Los jueces de Menores recurrimos mucho a los trabajos en beneficio de la comunidad a la hora de condenar. Aqu\u00ed en Granada hay chavales que, por sentencia, est\u00e1n sirviendo comida en comedores sociales o ayudando a las personas que se han quedado impedidas tras sufrir un accidente de tr\u00e1fico. Y funciona. Los chavales que hacen esas tareas muy raramente vuelven a delinquir.\u00a0<\/p>\n<p style=\"line-height: 19px; font-family: Georgia,'Times New Roman','Bitstream Charter',Times,serif; color: #333333;\">De todas formas, insisto en que lo mejor ser\u00eda recuperar un mini servicio militar obligatorio de tres meses para todos&#8230;\u00a0<\/p>\n<\/div>\n","protected":false},"excerpt":{"rendered":"<p>Buenas, soy Emilio Calatayud. Leo que los estudiantes catalanes de tercero y cuarto de ESO van a tener que realizar trabajos en beneficio de la comunidad como parte de su formaci\u00f3n. Es decir, que luchar contra el hambre y ayudar al banco de alimentos, por poner un ejemplo, ser\u00e1 como una asignatura m\u00e1s. Me parece [&hellip;]<\/p>\n","protected":false},"author":2,"featured_media":0,"comment_status":"open","ping_status":"open","sticky":false,"template":"","format":"standard","meta":{"jetpack_post_was_ever_published":false,"_jetpack_newsletter_access":"","_jetpack_dont_email_post_to_subs":false,"_jetpack_newsletter_tier_id":0,"_jetpack_memberships_contains_paywalled_content":false,"_jetpack_memberships_contains_paid_content":false,"footnotes":""},"categories":[1],"tags":[647,892,407],"class_list":["post-3230","post","type-post","status-publish","format-standard","hentry","category-blog","tag-asignatura","tag-luchar","tag-pobreza"],"jetpack_featured_media_url":"","jetpack_shortlink":"https:\/\/wp.me\/p5fzW5-Q6","jetpack-related-posts":[],"jetpack_sharing_enabled":true,"_links":{"self":[{"href":"https:\/\/www.granadablogs.com\/juezcalatayud\/wp-json\/wp\/v2\/posts\/3230","targetHints":{"allow":["GET"]}}],"collection":[{"href":"https:\/\/www.granadablogs.com\/juezcalatayud\/wp-json\/wp\/v2\/posts"}],"about":[{"href":"https:\/\/www.granadablogs.com\/juezcalatayud\/wp-json\/wp\/v2\/types\/post"}],"author":[{"embeddable":true,"href":"https:\/\/www.granadablogs.com\/juezcalatayud\/wp-json\/wp\/v2\/users\/2"}],"replies":[{"embeddable":true,"href":"https:\/\/www.granadablogs.com\/juezcalatayud\/wp-json\/wp\/v2\/comments?post=3230"}],"version-history":[{"count":1,"href":"https:\/\/www.granadablogs.com\/juezcalatayud\/wp-json\/wp\/v2\/posts\/3230\/revisions"}],"predecessor-version":[{"id":3231,"href":"https:\/\/www.granadablogs.com\/juezcalatayud\/wp-json\/wp\/v2\/posts\/3230\/revisions\/3231"}],"wp:attachment":[{"href":"https:\/\/www.granadablogs.com\/juezcalatayud\/wp-json\/wp\/v2\/media?parent=3230"}],"wp:term":[{"taxonomy":"category","embeddable":true,"href":"https:\/\/www.granadablogs.com\/juezcalatayud\/wp-json\/wp\/v2\/categories?post=3230"},{"taxonomy":"post_tag","embeddable":true,"href":"https:\/\/www.granadablogs.com\/juezcalatayud\/wp-json\/wp\/v2\/tags?post=3230"}],"curies":[{"name":"wp","href":"https:\/\/api.w.org\/{rel}","templated":true}]}}