{"id":3035,"date":"2014-03-18T22:10:34","date_gmt":"2014-03-18T21:10:34","guid":{"rendered":"http:\/\/www.granadablogs.com\/juezcalatayud\/?p=3035"},"modified":"2014-03-18T22:10:34","modified_gmt":"2014-03-18T21:10:34","slug":"don-emilio-a-tumba-abierta","status":"publish","type":"post","link":"https:\/\/www.granadablogs.com\/juezcalatayud\/2014\/03\/don-emilio-a-tumba-abierta\/","title":{"rendered":"Don Emilio, a tumba abierta"},"content":{"rendered":"<p>Aqu\u00ed os dej\u00f3 unos fragmentos de una entrevista que hizo al juez la revista granadina La Costa en su n\u00famero de febrero. No tiene desperdicio. Es don Emilio a tumba abierta, es decir, en estado puro. La entrevistadora es Dolores Collantes.<\/p>\n<p>Pregunta: \u00bfQui\u00e9n se ha cargado a la justicia?<\/p>\n<p>Respuesta del juez: \u00abEl sistema. Felipe Gonz\u00e1lez, Aznar, Zapatero y ahora, Rajoy y Ruiz Gallard\u00f3n. Yo me rebelo contra eso, porque soy el Poder Judicial\u00bb.<\/p>\n<p>\u00bfExiste en Espa\u00f1a independencia judicial?<\/p>\n<p>\u00abS\u00ed, el juez de a pie es independiente. El problema es que se ha creado un sistema que cuando el juez va hacia arriba, lo va siendo menos\u00bb.<\/p>\n<p>Sobre el &#8216;caso Urdangar\u00edn&#8217;<\/p>\n<p>\u00abEst\u00e1 claro que los republicanos le ten\u00edan que hacer un homenaje y dar una medalla a I\u00f1aki Urdangar\u00edn (&#8230;) No me gustar\u00eda estar en el pellejo del juez Castro\u00bb.<\/p>\n<p>\u00bfQu\u00e9 piensa un juez cuando ve a otro juez en el banquillo?<\/p>\n<p>\u00abSi te digo la verdad, piensas que el sistema funciona. Pero ese juez tiene el mismo derecho a la presunci\u00f3n de inocencia que tienen todos\u00bb.<\/p>\n","protected":false},"excerpt":{"rendered":"<p>Aqu\u00ed os dej\u00f3 unos fragmentos de una entrevista que hizo al juez la revista granadina La Costa en su n\u00famero de febrero. No tiene desperdicio. Es don Emilio a tumba abierta, es decir, en estado puro. La entrevistadora es Dolores Collantes. Pregunta: \u00bfQui\u00e9n se ha cargado a la justicia? Respuesta del juez: \u00abEl sistema. Felipe [&hellip;]<\/p>\n","protected":false},"author":3,"featured_media":0,"comment_status":"open","ping_status":"open","sticky":false,"template":"","format":"standard","meta":{"jetpack_post_was_ever_published":false,"_jetpack_newsletter_access":"","_jetpack_dont_email_post_to_subs":false,"_jetpack_newsletter_tier_id":0,"_jetpack_memberships_contains_paywalled_content":false,"_jetpack_memberships_contains_paid_content":false,"footnotes":""},"categories":[1],"tags":[845,376],"class_list":["post-3035","post","type-post","status-publish","format-standard","hentry","category-blog","tag-independencia-judicial","tag-urdangarin"],"jetpack_featured_media_url":"","jetpack_shortlink":"https:\/\/wp.me\/p5fzW5-MX","jetpack-related-posts":[],"jetpack_sharing_enabled":true,"_links":{"self":[{"href":"https:\/\/www.granadablogs.com\/juezcalatayud\/wp-json\/wp\/v2\/posts\/3035","targetHints":{"allow":["GET"]}}],"collection":[{"href":"https:\/\/www.granadablogs.com\/juezcalatayud\/wp-json\/wp\/v2\/posts"}],"about":[{"href":"https:\/\/www.granadablogs.com\/juezcalatayud\/wp-json\/wp\/v2\/types\/post"}],"author":[{"embeddable":true,"href":"https:\/\/www.granadablogs.com\/juezcalatayud\/wp-json\/wp\/v2\/users\/3"}],"replies":[{"embeddable":true,"href":"https:\/\/www.granadablogs.com\/juezcalatayud\/wp-json\/wp\/v2\/comments?post=3035"}],"version-history":[{"count":1,"href":"https:\/\/www.granadablogs.com\/juezcalatayud\/wp-json\/wp\/v2\/posts\/3035\/revisions"}],"predecessor-version":[{"id":3036,"href":"https:\/\/www.granadablogs.com\/juezcalatayud\/wp-json\/wp\/v2\/posts\/3035\/revisions\/3036"}],"wp:attachment":[{"href":"https:\/\/www.granadablogs.com\/juezcalatayud\/wp-json\/wp\/v2\/media?parent=3035"}],"wp:term":[{"taxonomy":"category","embeddable":true,"href":"https:\/\/www.granadablogs.com\/juezcalatayud\/wp-json\/wp\/v2\/categories?post=3035"},{"taxonomy":"post_tag","embeddable":true,"href":"https:\/\/www.granadablogs.com\/juezcalatayud\/wp-json\/wp\/v2\/tags?post=3035"}],"curies":[{"name":"wp","href":"https:\/\/api.w.org\/{rel}","templated":true}]}}