{"id":2987,"date":"2014-02-13T23:26:19","date_gmt":"2014-02-13T22:26:19","guid":{"rendered":"http:\/\/www.granadablogs.com\/juezcalatayud\/?p=2987"},"modified":"2014-02-13T23:27:25","modified_gmt":"2014-02-13T22:27:25","slug":"jose-antonio-marina-cuando-el-nino-entra-en-la-escuela-cambia-el-deseo-de-aprender-por-el-deseo-de-aprobar","status":"publish","type":"post","link":"https:\/\/www.granadablogs.com\/juezcalatayud\/2014\/02\/jose-antonio-marina-cuando-el-nino-entra-en-la-escuela-cambia-el-deseo-de-aprender-por-el-deseo-de-aprobar\/","title":{"rendered":"Jos\u00e9 Antonio Marina: \u00abCuando el ni\u00f1o entra en la escuela, cambia el deseo de aprender por el deseo de aprobar\u00bb"},"content":{"rendered":"<p>Jos\u00e9 Antonio Marina, que es un sabio, acaba de pronunciar una excelente y nutritiva conferencia en la Escuela de Padres de IDEAL, una iniciativa que coordina don Emilio y que est\u00e1 teniendo una aceptaci\u00f3n verdaderamente espectacular. Hoy, por desgracia, 200 personas no ha podido acceder al recinto en el que ten\u00eda lugar la charla porque estaba abarrotado.<\/p>\n<p>Entre las cosas que ha dicho el fil\u00f3sofo y profesor de instituto, destacamos, a vuelapluma, la siguientes:<\/p>\n<p>Un fallo de la educaci\u00f3n actual al que contribuimos todos (padres, profesores&#8230;): \u00abCuando el ni\u00f1o entra en la escuela, cambia el deseo de aprender por el deseo de aprobar; hay que recuperar el placer de aprender\u00bb.<\/p>\n<p>\u00abAl ni\u00f1o no se le protege d\u00e1ndole cari\u00f1o y nada m\u00e1s\u00bb.<\/p>\n<p>\u00abLos ni\u00f1os tienen que aprender a ser libres\u00bb (o lo que es lo mismo, deben aprender a controlar sus impulsos).<\/p>\n<p>\u00abLa educaci\u00f3n es un milagro, en mi pr\u00f3xima reencarnaci\u00f3n quiero ser maestro de Primaria\u00bb.<\/p>\n","protected":false},"excerpt":{"rendered":"<p>Jos\u00e9 Antonio Marina, que es un sabio, acaba de pronunciar una excelente y nutritiva conferencia en la Escuela de Padres de IDEAL, una iniciativa que coordina don Emilio y que est\u00e1 teniendo una aceptaci\u00f3n verdaderamente espectacular. Hoy, por desgracia, 200 personas no ha podido acceder al recinto en el que ten\u00eda lugar la charla porque [&hellip;]<\/p>\n","protected":false},"author":3,"featured_media":0,"comment_status":"open","ping_status":"open","sticky":false,"template":"","format":"standard","meta":{"jetpack_post_was_ever_published":false,"_jetpack_newsletter_access":"","_jetpack_dont_email_post_to_subs":false,"_jetpack_newsletter_tier_id":0,"_jetpack_memberships_contains_paywalled_content":false,"_jetpack_memberships_contains_paid_content":false,"footnotes":""},"categories":[1],"tags":[829,830],"class_list":["post-2987","post","type-post","status-publish","format-standard","hentry","category-blog","tag-jose-antonio","tag-marina"],"jetpack_featured_media_url":"","jetpack_shortlink":"https:\/\/wp.me\/p5fzW5-Mb","jetpack-related-posts":[],"jetpack_sharing_enabled":true,"_links":{"self":[{"href":"https:\/\/www.granadablogs.com\/juezcalatayud\/wp-json\/wp\/v2\/posts\/2987","targetHints":{"allow":["GET"]}}],"collection":[{"href":"https:\/\/www.granadablogs.com\/juezcalatayud\/wp-json\/wp\/v2\/posts"}],"about":[{"href":"https:\/\/www.granadablogs.com\/juezcalatayud\/wp-json\/wp\/v2\/types\/post"}],"author":[{"embeddable":true,"href":"https:\/\/www.granadablogs.com\/juezcalatayud\/wp-json\/wp\/v2\/users\/3"}],"replies":[{"embeddable":true,"href":"https:\/\/www.granadablogs.com\/juezcalatayud\/wp-json\/wp\/v2\/comments?post=2987"}],"version-history":[{"count":3,"href":"https:\/\/www.granadablogs.com\/juezcalatayud\/wp-json\/wp\/v2\/posts\/2987\/revisions"}],"predecessor-version":[{"id":2990,"href":"https:\/\/www.granadablogs.com\/juezcalatayud\/wp-json\/wp\/v2\/posts\/2987\/revisions\/2990"}],"wp:attachment":[{"href":"https:\/\/www.granadablogs.com\/juezcalatayud\/wp-json\/wp\/v2\/media?parent=2987"}],"wp:term":[{"taxonomy":"category","embeddable":true,"href":"https:\/\/www.granadablogs.com\/juezcalatayud\/wp-json\/wp\/v2\/categories?post=2987"},{"taxonomy":"post_tag","embeddable":true,"href":"https:\/\/www.granadablogs.com\/juezcalatayud\/wp-json\/wp\/v2\/tags?post=2987"}],"curies":[{"name":"wp","href":"https:\/\/api.w.org\/{rel}","templated":true}]}}