{"id":2982,"date":"2014-02-09T16:53:29","date_gmt":"2014-02-09T15:53:29","guid":{"rendered":"http:\/\/www.granadablogs.com\/juezcalatayud\/?p=2982"},"modified":"2014-02-09T16:53:29","modified_gmt":"2014-02-09T15:53:29","slug":"tus-muertos-calatayu","status":"publish","type":"post","link":"https:\/\/www.granadablogs.com\/juezcalatayud\/2014\/02\/tus-muertos-calatayu\/","title":{"rendered":"\u00ab\u00a1Tus muertos, &#8216;Calatay\u00fa&#8217;!\u00bb"},"content":{"rendered":"<p>Buenas, soy Emilio Calatayud. Ten\u00eda a un chaval condenado a pintar los calabozos y las dependencias policiales de los juzgados de Menores de Granada y acab\u00f3 el otro d\u00eda. Ha quedado muy bien. Hay sitios en los que el chico ha dado hasta cuatro capas. Se lo ha currado. Ahora va a tener que escribir cincuenta folios sobre su experiencia&#8230; Cuando se lo comuniqu\u00e9, me dijo asustado: \u00ab\u00bf\u00a1Cincuenta!?\u00bb Y yo le respond\u00ed. \u00abS\u00ed, cincuenta y a mano\u00bb. Casi le da algo.<\/p>\n<p>Cuando ya iba a acabar la revisi\u00f3n de los calabozos, uno de los polic\u00edas coment\u00f3 que la condena tambi\u00e9n era beneficiosa para m\u00ed. \u00ab\u00bfY eso?\u00bb, pregunt\u00e9. \u00abPorque en la mayor\u00eda de las pintadas, los chavales se acordaban de usted&#8230; y, \u00a1ejem!, de su familia. La \u00faltima que borr\u00f3 el chico dec\u00eda:\u00a0\u00ab\u00a1Tus muertos, &#8216;Calatay\u00fa&#8217;!\u00bb. Nos dio la risa a todos. Hasta al chaval. Por un momento se le olvid\u00f3 lo de los cincuenta folios, ja, ja, ja.<\/p>\n<p>Y lo de los cabreos de los &#8216;choricillos&#8217; contra m\u00ed va en el sueldo. Yo lo entiendo. Pero al que vuelva a pintar los calabozos, le meto un paquete. Que han quedado muy bien. Un saludo, y gracias a la gente de Ibiza. Ha sido un fin de semana estupendo.<\/p>\n<p>&nbsp;<\/p>\n","protected":false},"excerpt":{"rendered":"<p>Buenas, soy Emilio Calatayud. Ten\u00eda a un chaval condenado a pintar los calabozos y las dependencias policiales de los juzgados de Menores de Granada y acab\u00f3 el otro d\u00eda. Ha quedado muy bien. Hay sitios en los que el chico ha dado hasta cuatro capas. Se lo ha currado. Ahora va a tener que escribir [&hellip;]<\/p>\n","protected":false},"author":2,"featured_media":0,"comment_status":"open","ping_status":"open","sticky":false,"template":"","format":"standard","meta":{"jetpack_post_was_ever_published":false,"_jetpack_newsletter_access":"","_jetpack_dont_email_post_to_subs":false,"_jetpack_newsletter_tier_id":0,"_jetpack_memberships_contains_paywalled_content":false,"_jetpack_memberships_contains_paid_content":false,"footnotes":""},"categories":[1],"tags":[826,38,827],"class_list":["post-2982","post","type-post","status-publish","format-standard","hentry","category-blog","tag-calabozos","tag-condena","tag-pintar"],"jetpack_featured_media_url":"","jetpack_shortlink":"https:\/\/wp.me\/p5fzW5-M6","jetpack-related-posts":[],"jetpack_sharing_enabled":true,"_links":{"self":[{"href":"https:\/\/www.granadablogs.com\/juezcalatayud\/wp-json\/wp\/v2\/posts\/2982","targetHints":{"allow":["GET"]}}],"collection":[{"href":"https:\/\/www.granadablogs.com\/juezcalatayud\/wp-json\/wp\/v2\/posts"}],"about":[{"href":"https:\/\/www.granadablogs.com\/juezcalatayud\/wp-json\/wp\/v2\/types\/post"}],"author":[{"embeddable":true,"href":"https:\/\/www.granadablogs.com\/juezcalatayud\/wp-json\/wp\/v2\/users\/2"}],"replies":[{"embeddable":true,"href":"https:\/\/www.granadablogs.com\/juezcalatayud\/wp-json\/wp\/v2\/comments?post=2982"}],"version-history":[{"count":1,"href":"https:\/\/www.granadablogs.com\/juezcalatayud\/wp-json\/wp\/v2\/posts\/2982\/revisions"}],"predecessor-version":[{"id":2983,"href":"https:\/\/www.granadablogs.com\/juezcalatayud\/wp-json\/wp\/v2\/posts\/2982\/revisions\/2983"}],"wp:attachment":[{"href":"https:\/\/www.granadablogs.com\/juezcalatayud\/wp-json\/wp\/v2\/media?parent=2982"}],"wp:term":[{"taxonomy":"category","embeddable":true,"href":"https:\/\/www.granadablogs.com\/juezcalatayud\/wp-json\/wp\/v2\/categories?post=2982"},{"taxonomy":"post_tag","embeddable":true,"href":"https:\/\/www.granadablogs.com\/juezcalatayud\/wp-json\/wp\/v2\/tags?post=2982"}],"curies":[{"name":"wp","href":"https:\/\/api.w.org\/{rel}","templated":true}]}}