{"id":297,"date":"2009-09-04T20:11:12","date_gmt":"2009-09-04T19:11:12","guid":{"rendered":"http:\/\/www.granadablogs.com\/juezcalatayud\/?p=297"},"modified":"2009-09-04T20:11:12","modified_gmt":"2009-09-04T19:11:12","slug":"no-era-un-calenton-el-pp-lleva-al-congreso-la-reduccion-de-la-edad-penal-a-los-doce-anos","status":"publish","type":"post","link":"https:\/\/www.granadablogs.com\/juezcalatayud\/2009\/09\/no-era-un-calenton-el-pp-lleva-al-congreso-la-reduccion-de-la-edad-penal-a-los-doce-anos\/","title":{"rendered":"No era un calent\u00f3n: el PP lleva al Congreso la reducci\u00f3n de la edad penal a los doce a\u00f1os"},"content":{"rendered":"<p>Antes de nada, gracias por la bienvenida. Don Emilio est\u00e1 bien, pero su vida ha experimentado un giro inesperado&#8230;, pero ser\u00e1 \u00e9l mismo el que os lo cuente. Os pido un poco de paciencia porque no es f\u00e1cil. Siento no poder ser m\u00e1s expl\u00edcito, pero es \u00e9l el que debe narrar lo que le est\u00e1 sucediendo. Nadie m\u00e1s puede hacerlo. Y me consta que ya est\u00e1 en ello.<\/p>\n<p>Por lo dem\u00e1s, veo que el PP va a llevar al Congreso su proyecto de ley para bajar la edad penal a los doce a\u00f1os, una propuesta que los propios jueces de Menores de Espa\u00f1a, que se supone que son los que saben,\u00a0han descartado. No ha sido un calent\u00f3n. Ya puestos, \u00bfpor qu\u00e9 no bajar la edad penal a los diez o a los ocho a\u00f1os? \u00bfQu\u00e9 m\u00e1s da? Sinceramente, me parece un desatino. No s\u00e9 cu\u00e1ntos votos espera cosechar el PP con una iniciativa que nos acerca a la venganza, que es justamente lo contrario de la esencia del Estado democr\u00e1tico y de derecho.<\/p>\n<p>En su propuesta, tambi\u00e9n habla de las redes sociales y de la necesidad de que exista un mayor control para preservar la intimidad de los menores. Es un paso en la buena direcci\u00f3n. Lo que choca es que cuando se trata de regular la actividad de grandes empresas -las redes sociales lo son-, el PP no propone medidas represivas. Esas las reserva para los menores de doce a\u00f1os. No parece justo. A los ni\u00f1os, le\u00f1a. Y a quien hace negocio con los ni\u00f1os, alguna rega\u00f1ina, y si acaso.<\/p>\n<p>Un saludo.<\/p>\n","protected":false},"excerpt":{"rendered":"<p>Antes de nada, gracias por la bienvenida. Don Emilio est\u00e1 bien, pero su vida ha experimentado un giro inesperado&#8230;, pero ser\u00e1 \u00e9l mismo el que os lo cuente. Os pido un poco de paciencia porque no es f\u00e1cil. Siento no poder ser m\u00e1s expl\u00edcito, pero es \u00e9l el que debe narrar lo que le est\u00e1 [&hellip;]<\/p>\n","protected":false},"author":3,"featured_media":0,"comment_status":"open","ping_status":"open","sticky":false,"template":"","format":"standard","meta":{"jetpack_post_was_ever_published":false,"_jetpack_newsletter_access":"","_jetpack_dont_email_post_to_subs":false,"_jetpack_newsletter_tier_id":0,"_jetpack_memberships_contains_paywalled_content":false,"_jetpack_memberships_contains_paid_content":false,"footnotes":""},"categories":[1],"tags":[28,74,73,66],"class_list":["post-297","post","type-post","status-publish","format-standard","hentry","category-blog","tag-anadir-etiqueta-nueva","tag-doce-anos","tag-pp","tag-redes-sociales"],"jetpack_featured_media_url":"","jetpack_shortlink":"https:\/\/wp.me\/p5fzW5-4N","jetpack-related-posts":[],"jetpack_sharing_enabled":true,"_links":{"self":[{"href":"https:\/\/www.granadablogs.com\/juezcalatayud\/wp-json\/wp\/v2\/posts\/297","targetHints":{"allow":["GET"]}}],"collection":[{"href":"https:\/\/www.granadablogs.com\/juezcalatayud\/wp-json\/wp\/v2\/posts"}],"about":[{"href":"https:\/\/www.granadablogs.com\/juezcalatayud\/wp-json\/wp\/v2\/types\/post"}],"author":[{"embeddable":true,"href":"https:\/\/www.granadablogs.com\/juezcalatayud\/wp-json\/wp\/v2\/users\/3"}],"replies":[{"embeddable":true,"href":"https:\/\/www.granadablogs.com\/juezcalatayud\/wp-json\/wp\/v2\/comments?post=297"}],"version-history":[{"count":1,"href":"https:\/\/www.granadablogs.com\/juezcalatayud\/wp-json\/wp\/v2\/posts\/297\/revisions"}],"predecessor-version":[{"id":298,"href":"https:\/\/www.granadablogs.com\/juezcalatayud\/wp-json\/wp\/v2\/posts\/297\/revisions\/298"}],"wp:attachment":[{"href":"https:\/\/www.granadablogs.com\/juezcalatayud\/wp-json\/wp\/v2\/media?parent=297"}],"wp:term":[{"taxonomy":"category","embeddable":true,"href":"https:\/\/www.granadablogs.com\/juezcalatayud\/wp-json\/wp\/v2\/categories?post=297"},{"taxonomy":"post_tag","embeddable":true,"href":"https:\/\/www.granadablogs.com\/juezcalatayud\/wp-json\/wp\/v2\/tags?post=297"}],"curies":[{"name":"wp","href":"https:\/\/api.w.org\/{rel}","templated":true}]}}