{"id":2900,"date":"2013-12-19T21:04:17","date_gmt":"2013-12-19T20:04:17","guid":{"rendered":"http:\/\/www.granadablogs.com\/juezcalatayud\/?p=2900"},"modified":"2013-12-19T21:04:17","modified_gmt":"2013-12-19T20:04:17","slug":"el-coro-del-correccional-os-desea-feliz-navidad","status":"publish","type":"post","link":"https:\/\/www.granadablogs.com\/juezcalatayud\/2013\/12\/el-coro-del-correccional-os-desea-feliz-navidad\/","title":{"rendered":"El coro del correccional os desea feliz Navidad"},"content":{"rendered":"<p>Buenas, soy Emilio Calatayud. Como todos los a\u00f1os, los chavales que est\u00e1n internos en el Centro de Internamiento Tierras de Oria, en Almer\u00eda, se han pasado por los juzgados de Menores para cantarnos villancicos y hacernos un teatrillo de gui\u00f1ol. Han estado muy bien. Son unos artistas. Han mejorado bastante y lo hemos pasado bien. Los musulmanes, los cristianos y los ateos -que alguno habr\u00eda, digo yo- han cantado a la Virgen Mar\u00eda, a los Reyes Magos&#8230; y nosotros, con ellos. Las distancias religiosas y culturales no existen entre los chavales que tenemos internos. \u00a1Cu\u00e1ntos problemas nos ahorrar\u00edamos si todos fu\u00e9semos as\u00ed! Para acabar, les invitamos a churros con chocolate. Feliz Navidad de su parte y de la nuestra.<\/p>\n","protected":false},"excerpt":{"rendered":"<p>Buenas, soy Emilio Calatayud. Como todos los a\u00f1os, los chavales que est\u00e1n internos en el Centro de Internamiento Tierras de Oria, en Almer\u00eda, se han pasado por los juzgados de Menores para cantarnos villancicos y hacernos un teatrillo de gui\u00f1ol. Han estado muy bien. Son unos artistas. Han mejorado bastante y lo hemos pasado bien. [&hellip;]<\/p>\n","protected":false},"author":2,"featured_media":0,"comment_status":"open","ping_status":"open","sticky":false,"template":"","format":"standard","meta":{"jetpack_post_was_ever_published":false,"_jetpack_newsletter_access":"","_jetpack_dont_email_post_to_subs":false,"_jetpack_newsletter_tier_id":0,"_jetpack_memberships_contains_paywalled_content":false,"_jetpack_memberships_contains_paid_content":false,"footnotes":""},"categories":[1],"tags":[534,801],"class_list":["post-2900","post","type-post","status-publish","format-standard","hentry","category-blog","tag-coro","tag-tierras-de-oria"],"jetpack_featured_media_url":"","jetpack_shortlink":"https:\/\/wp.me\/p5fzW5-KM","jetpack-related-posts":[],"jetpack_sharing_enabled":true,"_links":{"self":[{"href":"https:\/\/www.granadablogs.com\/juezcalatayud\/wp-json\/wp\/v2\/posts\/2900","targetHints":{"allow":["GET"]}}],"collection":[{"href":"https:\/\/www.granadablogs.com\/juezcalatayud\/wp-json\/wp\/v2\/posts"}],"about":[{"href":"https:\/\/www.granadablogs.com\/juezcalatayud\/wp-json\/wp\/v2\/types\/post"}],"author":[{"embeddable":true,"href":"https:\/\/www.granadablogs.com\/juezcalatayud\/wp-json\/wp\/v2\/users\/2"}],"replies":[{"embeddable":true,"href":"https:\/\/www.granadablogs.com\/juezcalatayud\/wp-json\/wp\/v2\/comments?post=2900"}],"version-history":[{"count":1,"href":"https:\/\/www.granadablogs.com\/juezcalatayud\/wp-json\/wp\/v2\/posts\/2900\/revisions"}],"predecessor-version":[{"id":2901,"href":"https:\/\/www.granadablogs.com\/juezcalatayud\/wp-json\/wp\/v2\/posts\/2900\/revisions\/2901"}],"wp:attachment":[{"href":"https:\/\/www.granadablogs.com\/juezcalatayud\/wp-json\/wp\/v2\/media?parent=2900"}],"wp:term":[{"taxonomy":"category","embeddable":true,"href":"https:\/\/www.granadablogs.com\/juezcalatayud\/wp-json\/wp\/v2\/categories?post=2900"},{"taxonomy":"post_tag","embeddable":true,"href":"https:\/\/www.granadablogs.com\/juezcalatayud\/wp-json\/wp\/v2\/tags?post=2900"}],"curies":[{"name":"wp","href":"https:\/\/api.w.org\/{rel}","templated":true}]}}