{"id":2680,"date":"2013-08-27T20:57:26","date_gmt":"2013-08-27T19:57:26","guid":{"rendered":"http:\/\/www.granadablogs.com\/juezcalatayud\/?p=2680"},"modified":"2013-08-27T20:57:26","modified_gmt":"2013-08-27T19:57:26","slug":"de-repente-ruido-es-que-los-politicos-han-vuelto-de-vacaciones","status":"publish","type":"post","link":"https:\/\/www.granadablogs.com\/juezcalatayud\/2013\/08\/de-repente-ruido-es-que-los-politicos-han-vuelto-de-vacaciones\/","title":{"rendered":"\u00a1De repente, ruido!: Es que los pol\u00edticos han vuelto de vacaciones"},"content":{"rendered":"<p>Buenas, soy Emilio Calatayud. De repente, \u00a1ruido! Es que los pol\u00edticos espa\u00f1oles (hago la precisi\u00f3n para los lectores extranjeros), nuestros pol\u00edticos, han vuelto de vacaciones. Con lo tranquilos que est\u00e1bamos. Ninguno merecer\u00eda tener vacaciones, pero ya que se las cogieron, podr\u00edan haberse quedado unos d\u00edas, o unos meses, m\u00e1s. Nos habr\u00edan evitado el ruido, que siempre es muy molesto.<\/p>\n<p>Ahora que lo pienso, voy a tener que escribir algo bueno sobre los pol\u00edticos. Suelo ser demasiado negativo o pesimista cuando toco este asunto. Un saludo.<\/p>\n","protected":false},"excerpt":{"rendered":"<p>Buenas, soy Emilio Calatayud. De repente, \u00a1ruido! Es que los pol\u00edticos espa\u00f1oles (hago la precisi\u00f3n para los lectores extranjeros), nuestros pol\u00edticos, han vuelto de vacaciones. Con lo tranquilos que est\u00e1bamos. Ninguno merecer\u00eda tener vacaciones, pero ya que se las cogieron, podr\u00edan haberse quedado unos d\u00edas, o unos meses, m\u00e1s. Nos habr\u00edan evitado el ruido, que [&hellip;]<\/p>\n","protected":false},"author":2,"featured_media":0,"comment_status":"open","ping_status":"open","sticky":false,"template":"","format":"standard","meta":{"jetpack_post_was_ever_published":false,"_jetpack_newsletter_access":"","_jetpack_dont_email_post_to_subs":false,"_jetpack_newsletter_tier_id":0,"_jetpack_memberships_contains_paywalled_content":false,"_jetpack_memberships_contains_paid_content":false,"footnotes":""},"categories":[1],"tags":[428,722],"class_list":["post-2680","post","type-post","status-publish","format-standard","hentry","category-blog","tag-politicos","tag-vacaciones"],"jetpack_featured_media_url":"","jetpack_shortlink":"https:\/\/wp.me\/p5fzW5-He","jetpack-related-posts":[],"jetpack_sharing_enabled":true,"_links":{"self":[{"href":"https:\/\/www.granadablogs.com\/juezcalatayud\/wp-json\/wp\/v2\/posts\/2680","targetHints":{"allow":["GET"]}}],"collection":[{"href":"https:\/\/www.granadablogs.com\/juezcalatayud\/wp-json\/wp\/v2\/posts"}],"about":[{"href":"https:\/\/www.granadablogs.com\/juezcalatayud\/wp-json\/wp\/v2\/types\/post"}],"author":[{"embeddable":true,"href":"https:\/\/www.granadablogs.com\/juezcalatayud\/wp-json\/wp\/v2\/users\/2"}],"replies":[{"embeddable":true,"href":"https:\/\/www.granadablogs.com\/juezcalatayud\/wp-json\/wp\/v2\/comments?post=2680"}],"version-history":[{"count":2,"href":"https:\/\/www.granadablogs.com\/juezcalatayud\/wp-json\/wp\/v2\/posts\/2680\/revisions"}],"predecessor-version":[{"id":2682,"href":"https:\/\/www.granadablogs.com\/juezcalatayud\/wp-json\/wp\/v2\/posts\/2680\/revisions\/2682"}],"wp:attachment":[{"href":"https:\/\/www.granadablogs.com\/juezcalatayud\/wp-json\/wp\/v2\/media?parent=2680"}],"wp:term":[{"taxonomy":"category","embeddable":true,"href":"https:\/\/www.granadablogs.com\/juezcalatayud\/wp-json\/wp\/v2\/categories?post=2680"},{"taxonomy":"post_tag","embeddable":true,"href":"https:\/\/www.granadablogs.com\/juezcalatayud\/wp-json\/wp\/v2\/tags?post=2680"}],"curies":[{"name":"wp","href":"https:\/\/api.w.org\/{rel}","templated":true}]}}