{"id":2658,"date":"2013-08-13T20:29:30","date_gmt":"2013-08-13T19:29:30","guid":{"rendered":"http:\/\/www.granadablogs.com\/juezcalatayud\/?p=2658"},"modified":"2013-08-13T20:31:56","modified_gmt":"2013-08-13T19:31:56","slug":"en-verano-en-el-juzgado-vemos-sobre-todo-casos-de-maltrato-de-hijos-padres","status":"publish","type":"post","link":"https:\/\/www.granadablogs.com\/juezcalatayud\/2013\/08\/en-verano-en-el-juzgado-vemos-sobre-todo-casos-de-maltrato-de-hijos-padres\/","title":{"rendered":"En verano en el juzgado vemos sobre todo casos de maltrato de hijos a padres"},"content":{"rendered":"<p>Buenas, soy Emilio Calatayud. Los juzgados de Menores, al igual que los penales, no se detienen en verano. Es verdad que no hay juicios programados, pero esa es la \u00fanica diferencia con el resto del a\u00f1o. En este \u00e9poca vemos sobre todo casos de maltrato de hijos a padres -que, por otra parte, es el delito que m\u00e1s crece-. Se ve que hay m\u00e1s convivencia por las vacaciones y las fricciones acaban en agresiones. Tambi\u00e9n celebramos juicios r\u00e1pidos o cambiamos la medida -la condena- a chavales que, por ejemplo, estaban encerrados y no han regresado al centro. En estos casos ordenamos buscarlos y endurecemos el castigo. Lo que no est\u00e1 habiendo es robos con violencia, que tambi\u00e8n suelen ser bastante habituales, lo que confirma que ya no hay nada que robar: se lo han llevado todo.<\/p>\n","protected":false},"excerpt":{"rendered":"<p>Buenas, soy Emilio Calatayud. Los juzgados de Menores, al igual que los penales, no se detienen en verano. Es verdad que no hay juicios programados, pero esa es la \u00fanica diferencia con el resto del a\u00f1o. En este \u00e9poca vemos sobre todo casos de maltrato de hijos a padres -que, por otra parte, es el [&hellip;]<\/p>\n","protected":false},"author":2,"featured_media":0,"comment_status":"open","ping_status":"open","sticky":false,"template":"","format":"standard","meta":{"jetpack_post_was_ever_published":false,"_jetpack_newsletter_access":"","_jetpack_dont_email_post_to_subs":false,"_jetpack_newsletter_tier_id":0,"_jetpack_memberships_contains_paywalled_content":false,"_jetpack_memberships_contains_paid_content":false,"footnotes":""},"categories":[1],"tags":[284,692],"class_list":["post-2658","post","type-post","status-publish","format-standard","hentry","category-blog","tag-juzgado","tag-verano"],"jetpack_featured_media_url":"","jetpack_shortlink":"https:\/\/wp.me\/p5fzW5-GS","jetpack-related-posts":[],"jetpack_sharing_enabled":true,"_links":{"self":[{"href":"https:\/\/www.granadablogs.com\/juezcalatayud\/wp-json\/wp\/v2\/posts\/2658","targetHints":{"allow":["GET"]}}],"collection":[{"href":"https:\/\/www.granadablogs.com\/juezcalatayud\/wp-json\/wp\/v2\/posts"}],"about":[{"href":"https:\/\/www.granadablogs.com\/juezcalatayud\/wp-json\/wp\/v2\/types\/post"}],"author":[{"embeddable":true,"href":"https:\/\/www.granadablogs.com\/juezcalatayud\/wp-json\/wp\/v2\/users\/2"}],"replies":[{"embeddable":true,"href":"https:\/\/www.granadablogs.com\/juezcalatayud\/wp-json\/wp\/v2\/comments?post=2658"}],"version-history":[{"count":5,"href":"https:\/\/www.granadablogs.com\/juezcalatayud\/wp-json\/wp\/v2\/posts\/2658\/revisions"}],"predecessor-version":[{"id":2662,"href":"https:\/\/www.granadablogs.com\/juezcalatayud\/wp-json\/wp\/v2\/posts\/2658\/revisions\/2662"}],"wp:attachment":[{"href":"https:\/\/www.granadablogs.com\/juezcalatayud\/wp-json\/wp\/v2\/media?parent=2658"}],"wp:term":[{"taxonomy":"category","embeddable":true,"href":"https:\/\/www.granadablogs.com\/juezcalatayud\/wp-json\/wp\/v2\/categories?post=2658"},{"taxonomy":"post_tag","embeddable":true,"href":"https:\/\/www.granadablogs.com\/juezcalatayud\/wp-json\/wp\/v2\/tags?post=2658"}],"curies":[{"name":"wp","href":"https:\/\/api.w.org\/{rel}","templated":true}]}}