{"id":2575,"date":"2013-06-19T20:53:32","date_gmt":"2013-06-19T19:53:32","guid":{"rendered":"http:\/\/www.granadablogs.com\/juezcalatayud\/?p=2575"},"modified":"2013-06-19T20:53:32","modified_gmt":"2013-06-19T19:53:32","slug":"la-defensora-del-pueblo-investiga-los-efectos-de-la-crisis-en-nuestros-ninos","status":"publish","type":"post","link":"https:\/\/www.granadablogs.com\/juezcalatayud\/2013\/06\/la-defensora-del-pueblo-investiga-los-efectos-de-la-crisis-en-nuestros-ninos\/","title":{"rendered":"La Defensora del Pueblo investiga los efectos de la crisis en nuestros ni\u00f1os"},"content":{"rendered":"<p>Este es el resultado de las pol\u00edticas de austeridad que defienden el FMI y compa\u00f1\u00eda. Es el mundo al rev\u00e9s. Reflotan bancos con nuestros impuestos y, mientras tanto, nuestros ni\u00f1os est\u00e1n malnutridos. \u00bfSe puede caer m\u00e1s bajo? No es por asustar, pero nos tememos que s\u00ed. La noticia es de Europa Press. \u00abLa Defensora del Pueblo, Soledad Becerril ha anunciado que pondr\u00e1 en marcha una investigaci\u00f3n de oficio para averiguar el impacto que est\u00e1n teniendo en los ni\u00f1os las carencias que muchos de ellos viven en sus hogares debido a la crisis econ\u00f3mica. Adem\u00e1s, se ha mostrado interesada en conocer qu\u00e9 medidas est\u00e1n llevando a cabo las comunidades aut\u00f3nomas para garantizar una correcta alimentaci\u00f3n de los menores y cu\u00e1les son los costes y previsiones de estas actuaciones\u00bb.<\/p>\n","protected":false},"excerpt":{"rendered":"<p>Este es el resultado de las pol\u00edticas de austeridad que defienden el FMI y compa\u00f1\u00eda. Es el mundo al rev\u00e9s. Reflotan bancos con nuestros impuestos y, mientras tanto, nuestros ni\u00f1os est\u00e1n malnutridos. \u00bfSe puede caer m\u00e1s bajo? No es por asustar, pero nos tememos que s\u00ed. La noticia es de Europa Press. \u00abLa Defensora del [&hellip;]<\/p>\n","protected":false},"author":3,"featured_media":0,"comment_status":"open","ping_status":"open","sticky":false,"template":"","format":"standard","meta":{"jetpack_post_was_ever_published":false,"_jetpack_newsletter_access":"","_jetpack_dont_email_post_to_subs":false,"_jetpack_newsletter_tier_id":0,"_jetpack_memberships_contains_paywalled_content":false,"_jetpack_memberships_contains_paid_content":false,"footnotes":""},"categories":[1],"tags":[13,678,41],"class_list":["post-2575","post","type-post","status-publish","format-standard","hentry","category-blog","tag-crisis","tag-malnutridos","tag-ninos"],"jetpack_featured_media_url":"","jetpack_shortlink":"https:\/\/wp.me\/p5fzW5-Fx","jetpack-related-posts":[],"jetpack_sharing_enabled":true,"_links":{"self":[{"href":"https:\/\/www.granadablogs.com\/juezcalatayud\/wp-json\/wp\/v2\/posts\/2575","targetHints":{"allow":["GET"]}}],"collection":[{"href":"https:\/\/www.granadablogs.com\/juezcalatayud\/wp-json\/wp\/v2\/posts"}],"about":[{"href":"https:\/\/www.granadablogs.com\/juezcalatayud\/wp-json\/wp\/v2\/types\/post"}],"author":[{"embeddable":true,"href":"https:\/\/www.granadablogs.com\/juezcalatayud\/wp-json\/wp\/v2\/users\/3"}],"replies":[{"embeddable":true,"href":"https:\/\/www.granadablogs.com\/juezcalatayud\/wp-json\/wp\/v2\/comments?post=2575"}],"version-history":[{"count":2,"href":"https:\/\/www.granadablogs.com\/juezcalatayud\/wp-json\/wp\/v2\/posts\/2575\/revisions"}],"predecessor-version":[{"id":2577,"href":"https:\/\/www.granadablogs.com\/juezcalatayud\/wp-json\/wp\/v2\/posts\/2575\/revisions\/2577"}],"wp:attachment":[{"href":"https:\/\/www.granadablogs.com\/juezcalatayud\/wp-json\/wp\/v2\/media?parent=2575"}],"wp:term":[{"taxonomy":"category","embeddable":true,"href":"https:\/\/www.granadablogs.com\/juezcalatayud\/wp-json\/wp\/v2\/categories?post=2575"},{"taxonomy":"post_tag","embeddable":true,"href":"https:\/\/www.granadablogs.com\/juezcalatayud\/wp-json\/wp\/v2\/tags?post=2575"}],"curies":[{"name":"wp","href":"https:\/\/api.w.org\/{rel}","templated":true}]}}