{"id":2497,"date":"2013-05-07T22:45:46","date_gmt":"2013-05-07T21:45:46","guid":{"rendered":"http:\/\/www.granadablogs.com\/juezcalatayud\/?p=2497"},"modified":"2013-05-07T22:45:46","modified_gmt":"2013-05-07T21:45:46","slug":"internet-como-asignatura-escolar","status":"publish","type":"post","link":"https:\/\/www.granadablogs.com\/juezcalatayud\/2013\/05\/internet-como-asignatura-escolar\/","title":{"rendered":"Internet como asignatura escolar"},"content":{"rendered":"<p>Ya estamos tardando. Cada Gobierno que llega hace una reforma de la reforma educativa y quita algo que puso el anterior. Pero ninguno ha dado el paso de crear la asignatura escolar de Internet. Y hace falta. Es urgente. Es preciso adaptarse. Lo mismo que hubo que cambiar los mapas de Geograf\u00eda cuando se disolvi\u00f3 la Uni\u00f3n Sovi\u00e9tica y nacieron nuevos pa\u00edses. Lo que no tiene sentido es que el mundo vaya por un lado y la escuela por otro. Los expertos lo reclaman. Aqu\u00ed os dejamos una noticia en la que una autoridad en la materia pide la asignatura de Internet para prevenir. La informaci\u00f3n es de Efe.<\/p>\n<p>\u00abEl comandante jefe del Grupo de Delitos Telem\u00e1ticos de la Unidad Central Operativa (UCO) de la Guardia Civil, \u00d3scar de la Cruz, ha abogado hoy por incluir en los planes de estudio una asignatura sobre Internet con car\u00e1cter pedag\u00f3gico, como una de las medidas para luchar contra el ciberacoso infantil.<\/p>\n<p>De la Cruz se ha manifestado as\u00ed en una rueda de prensa en Santander, donde participa en un curso sobre ciberdelincuencia que se imparte en la Universidad de Cantabria (UC), en la que ha subrayado que \u00abgran parte del \u00e9xito\u00bb en la lucha contra los delitos inform\u00e1ticos es \u00abla prevenci\u00f3n y la concienciaci\u00f3n\u00bb.<\/p>\n<p>En el caso de los menores, ha recordado que existe un Plan Director del Ministerio de Interior, en el que participan tanto Guardia Civil como Polic\u00eda Nacional, que peri\u00f3dicamente se trasladan a los colegios para formar a los ni\u00f1os.<\/p>\n<p>\u00abHay cr\u00edos que con 7 u 8 a\u00f1os navegan ya perfectamente por internet y por las redes sociales\u00bb, ha recordado De la Cruz, quien ha advertido de la necesidad de no olvidar a los padres en esta formaci\u00f3n de los ni\u00f1os\u00bb.<\/p>\n","protected":false},"excerpt":{"rendered":"<p>Ya estamos tardando. Cada Gobierno que llega hace una reforma de la reforma educativa y quita algo que puso el anterior. Pero ninguno ha dado el paso de crear la asignatura escolar de Internet. Y hace falta. Es urgente. Es preciso adaptarse. Lo mismo que hubo que cambiar los mapas de Geograf\u00eda cuando se disolvi\u00f3 [&hellip;]<\/p>\n","protected":false},"author":3,"featured_media":0,"comment_status":"open","ping_status":"open","sticky":false,"template":"","format":"standard","meta":{"jetpack_post_was_ever_published":false,"_jetpack_newsletter_access":"","_jetpack_dont_email_post_to_subs":false,"_jetpack_newsletter_tier_id":0,"_jetpack_memberships_contains_paywalled_content":false,"_jetpack_memberships_contains_paid_content":false,"footnotes":""},"categories":[1],"tags":[647,648,65],"class_list":["post-2497","post","type-post","status-publish","format-standard","hentry","category-blog","tag-asignatura","tag-escolar","tag-internet"],"jetpack_featured_media_url":"","jetpack_shortlink":"https:\/\/wp.me\/p5fzW5-Eh","jetpack-related-posts":[],"jetpack_sharing_enabled":true,"_links":{"self":[{"href":"https:\/\/www.granadablogs.com\/juezcalatayud\/wp-json\/wp\/v2\/posts\/2497","targetHints":{"allow":["GET"]}}],"collection":[{"href":"https:\/\/www.granadablogs.com\/juezcalatayud\/wp-json\/wp\/v2\/posts"}],"about":[{"href":"https:\/\/www.granadablogs.com\/juezcalatayud\/wp-json\/wp\/v2\/types\/post"}],"author":[{"embeddable":true,"href":"https:\/\/www.granadablogs.com\/juezcalatayud\/wp-json\/wp\/v2\/users\/3"}],"replies":[{"embeddable":true,"href":"https:\/\/www.granadablogs.com\/juezcalatayud\/wp-json\/wp\/v2\/comments?post=2497"}],"version-history":[{"count":2,"href":"https:\/\/www.granadablogs.com\/juezcalatayud\/wp-json\/wp\/v2\/posts\/2497\/revisions"}],"predecessor-version":[{"id":2499,"href":"https:\/\/www.granadablogs.com\/juezcalatayud\/wp-json\/wp\/v2\/posts\/2497\/revisions\/2499"}],"wp:attachment":[{"href":"https:\/\/www.granadablogs.com\/juezcalatayud\/wp-json\/wp\/v2\/media?parent=2497"}],"wp:term":[{"taxonomy":"category","embeddable":true,"href":"https:\/\/www.granadablogs.com\/juezcalatayud\/wp-json\/wp\/v2\/categories?post=2497"},{"taxonomy":"post_tag","embeddable":true,"href":"https:\/\/www.granadablogs.com\/juezcalatayud\/wp-json\/wp\/v2\/tags?post=2497"}],"curies":[{"name":"wp","href":"https:\/\/api.w.org\/{rel}","templated":true}]}}