{"id":2430,"date":"2013-04-08T19:25:59","date_gmt":"2013-04-08T18:25:59","guid":{"rendered":"http:\/\/www.granadablogs.com\/juezcalatayud\/?p=2430"},"modified":"2013-04-08T19:25:59","modified_gmt":"2013-04-08T18:25:59","slug":"tengo-una-pregunta-para-el-juez-don-emilio-en-la-tercera-sesion-de-la-escuela-de-padres-de-ideal","status":"publish","type":"post","link":"https:\/\/www.granadablogs.com\/juezcalatayud\/2013\/04\/tengo-una-pregunta-para-el-juez-don-emilio-en-la-tercera-sesion-de-la-escuela-de-padres-de-ideal\/","title":{"rendered":"&#8216;Tengo una pregunta para el juez&#8217;, don Emilio en la tercera sesi\u00f3n de la Escuela de Padres de IDEAL"},"content":{"rendered":"<div>\n<p>Don Emilio va a ser el protagonista \u00fanico de la tercera sesi\u00f3n de la Escuela de Padres de IDEAL. A diferencia de las dos anteriores citas de esta iniciativa, en las que el juez fue el anfitri\u00f3n y presentador del psic\u00f3logo Javier Urra y del televisivo \u2018Hermano Mayor\u2019, ser\u00e1 el propio Emilio Calatayud el que baje a la arena. En este sentido, pretendemos que sea un formato diferente, una especie de \u2018Tengo una pregunta para el juez\u2019 -perd\u00f3n por la falta de originalidad-. De esta forma, los asistentes ser\u00e1n tan protagonistas como el propio Emilio. Os esperamos el pr\u00f3ximo jueves, d\u00eda 11 de abril, en el Aula Magna de la Facultad de Ciencias de la Universidad de Granada, que est\u00e1 entre las calles Severo Ochoa y Gonzalo Gallas de la capital granadina. La hora: a partir de las ocho de la tarde. La entrada es gratuita hasta completar el aforo, que es de unas 500 personas.<\/p>\n<p>Despu\u00e9s, ya os comunicaremos el nombre de los dos pr\u00f3ximos ponentes de este curso. Y el a\u00f1o que viene, dada la gran aceptaci\u00f3n, queremos repetir. Lo dicho. os esperamos.<\/p>\n<\/div>\n","protected":false},"excerpt":{"rendered":"<p>Don Emilio va a ser el protagonista \u00fanico de la tercera sesi\u00f3n de la Escuela de Padres de IDEAL. A diferencia de las dos anteriores citas de esta iniciativa, en las que el juez fue el anfitri\u00f3n y presentador del psic\u00f3logo Javier Urra y del televisivo \u2018Hermano Mayor\u2019, ser\u00e1 el propio Emilio Calatayud el que [&hellip;]<\/p>\n","protected":false},"author":3,"featured_media":0,"comment_status":"open","ping_status":"open","sticky":false,"template":"","format":"standard","meta":{"jetpack_post_was_ever_published":false,"_jetpack_newsletter_access":"","_jetpack_dont_email_post_to_subs":false,"_jetpack_newsletter_tier_id":0,"_jetpack_memberships_contains_paywalled_content":false,"_jetpack_memberships_contains_paid_content":false,"footnotes":""},"categories":[1],"tags":[89,531,90],"class_list":["post-2430","post","type-post","status-publish","format-standard","hentry","category-blog","tag-escuela","tag-ideal","tag-padres"],"jetpack_featured_media_url":"","jetpack_shortlink":"https:\/\/wp.me\/p5fzW5-Dc","jetpack-related-posts":[],"jetpack_sharing_enabled":true,"_links":{"self":[{"href":"https:\/\/www.granadablogs.com\/juezcalatayud\/wp-json\/wp\/v2\/posts\/2430","targetHints":{"allow":["GET"]}}],"collection":[{"href":"https:\/\/www.granadablogs.com\/juezcalatayud\/wp-json\/wp\/v2\/posts"}],"about":[{"href":"https:\/\/www.granadablogs.com\/juezcalatayud\/wp-json\/wp\/v2\/types\/post"}],"author":[{"embeddable":true,"href":"https:\/\/www.granadablogs.com\/juezcalatayud\/wp-json\/wp\/v2\/users\/3"}],"replies":[{"embeddable":true,"href":"https:\/\/www.granadablogs.com\/juezcalatayud\/wp-json\/wp\/v2\/comments?post=2430"}],"version-history":[{"count":2,"href":"https:\/\/www.granadablogs.com\/juezcalatayud\/wp-json\/wp\/v2\/posts\/2430\/revisions"}],"predecessor-version":[{"id":2432,"href":"https:\/\/www.granadablogs.com\/juezcalatayud\/wp-json\/wp\/v2\/posts\/2430\/revisions\/2432"}],"wp:attachment":[{"href":"https:\/\/www.granadablogs.com\/juezcalatayud\/wp-json\/wp\/v2\/media?parent=2430"}],"wp:term":[{"taxonomy":"category","embeddable":true,"href":"https:\/\/www.granadablogs.com\/juezcalatayud\/wp-json\/wp\/v2\/categories?post=2430"},{"taxonomy":"post_tag","embeddable":true,"href":"https:\/\/www.granadablogs.com\/juezcalatayud\/wp-json\/wp\/v2\/tags?post=2430"}],"curies":[{"name":"wp","href":"https:\/\/api.w.org\/{rel}","templated":true}]}}