{"id":2396,"date":"2013-03-26T20:44:03","date_gmt":"2013-03-26T19:44:03","guid":{"rendered":"http:\/\/www.granadablogs.com\/juezcalatayud\/?p=2396"},"modified":"2013-03-26T20:45:04","modified_gmt":"2013-03-26T19:45:04","slug":"sube-el-precio-de-la-botella-de-butano-otro-golpe-a-los-que-menos-tienen","status":"publish","type":"post","link":"https:\/\/www.granadablogs.com\/juezcalatayud\/2013\/03\/sube-el-precio-de-la-botella-de-butano-otro-golpe-a-los-que-menos-tienen\/","title":{"rendered":"Sube el precio de la botella de butano, otro golpe a los que menos tienen"},"content":{"rendered":"<p>Buenas, soy Emilio Calatayud. Sube el precio de la botella de butano. \u00bfY qui\u00e9n usa botellas de butano?: por lo general, los que menos tienen, los m\u00e1s pobres. Otro golpe a la econom\u00eda de los m\u00e1s d\u00e9biles. Ya es que no se va a poder ni encender la catal\u00edtica. Y, encima, Europa quiere meter la mano en los ahorros&#8230; del que los tenga, claro. A ver si alguna vez se quedan con las deudas, que ya est\u00e1 bien. \u00bfPor qu\u00e9 no ponen pr\u00f3rrogas para el pago de las hipotecas, que hay un mont\u00f3n de familias que no pueden llegar a final de mes?. No, de eso, ni hablar. Mejor subimos el precio de la botella de butano. Y as\u00ed estamos.<\/p>\n","protected":false},"excerpt":{"rendered":"<p>Buenas, soy Emilio Calatayud. Sube el precio de la botella de butano. \u00bfY qui\u00e9n usa botellas de butano?: por lo general, los que menos tienen, los m\u00e1s pobres. Otro golpe a la econom\u00eda de los m\u00e1s d\u00e9biles. Ya es que no se va a poder ni encender la catal\u00edtica. Y, encima, Europa quiere meter la [&hellip;]<\/p>\n","protected":false},"author":2,"featured_media":0,"comment_status":"open","ping_status":"open","sticky":false,"template":"","format":"standard","meta":{"jetpack_post_was_ever_published":false,"_jetpack_newsletter_access":"","_jetpack_dont_email_post_to_subs":false,"_jetpack_newsletter_tier_id":0,"_jetpack_memberships_contains_paywalled_content":false,"_jetpack_memberships_contains_paid_content":false,"footnotes":""},"categories":[1],"tags":[605,606,469],"class_list":["post-2396","post","type-post","status-publish","format-standard","hentry","category-blog","tag-botella","tag-butano","tag-precio"],"jetpack_featured_media_url":"","jetpack_shortlink":"https:\/\/wp.me\/p5fzW5-CE","jetpack-related-posts":[],"jetpack_sharing_enabled":true,"_links":{"self":[{"href":"https:\/\/www.granadablogs.com\/juezcalatayud\/wp-json\/wp\/v2\/posts\/2396","targetHints":{"allow":["GET"]}}],"collection":[{"href":"https:\/\/www.granadablogs.com\/juezcalatayud\/wp-json\/wp\/v2\/posts"}],"about":[{"href":"https:\/\/www.granadablogs.com\/juezcalatayud\/wp-json\/wp\/v2\/types\/post"}],"author":[{"embeddable":true,"href":"https:\/\/www.granadablogs.com\/juezcalatayud\/wp-json\/wp\/v2\/users\/2"}],"replies":[{"embeddable":true,"href":"https:\/\/www.granadablogs.com\/juezcalatayud\/wp-json\/wp\/v2\/comments?post=2396"}],"version-history":[{"count":3,"href":"https:\/\/www.granadablogs.com\/juezcalatayud\/wp-json\/wp\/v2\/posts\/2396\/revisions"}],"predecessor-version":[{"id":2399,"href":"https:\/\/www.granadablogs.com\/juezcalatayud\/wp-json\/wp\/v2\/posts\/2396\/revisions\/2399"}],"wp:attachment":[{"href":"https:\/\/www.granadablogs.com\/juezcalatayud\/wp-json\/wp\/v2\/media?parent=2396"}],"wp:term":[{"taxonomy":"category","embeddable":true,"href":"https:\/\/www.granadablogs.com\/juezcalatayud\/wp-json\/wp\/v2\/categories?post=2396"},{"taxonomy":"post_tag","embeddable":true,"href":"https:\/\/www.granadablogs.com\/juezcalatayud\/wp-json\/wp\/v2\/tags?post=2396"}],"curies":[{"name":"wp","href":"https:\/\/api.w.org\/{rel}","templated":true}]}}