{"id":2392,"date":"2013-03-25T00:52:58","date_gmt":"2013-03-24T23:52:58","guid":{"rendered":"http:\/\/www.granadablogs.com\/juezcalatayud\/?p=2392"},"modified":"2013-03-25T00:53:55","modified_gmt":"2013-03-24T23:53:55","slug":"el-papa-visitara-un-centro-de-internamiento-de-menores-el-jueves-santo","status":"publish","type":"post","link":"https:\/\/www.granadablogs.com\/juezcalatayud\/2013\/03\/el-papa-visitara-un-centro-de-internamiento-de-menores-el-jueves-santo\/","title":{"rendered":"El Papa visitar\u00e1 un centro de internamiento de menores el Jueves Santo"},"content":{"rendered":"<p>Buenas, soy Emilio Calatayud. Ayer\u00a0por la tarde, como hago desde 2009,\u00a0ten\u00eda que haber salido con la cofrad\u00eda de Jes\u00fas de la Sentencia de Granada, pero no ha podido ser porque ha llovido. Mi intenci\u00f3n este a\u00f1o no era pedir nada, sino dar gracias por estar como estoy. Hay muchas personas que est\u00e1n mucho peor que yo por la crisis. Ellos s\u00ed tienen derecho a pedir: yo no.<\/p>\n<p>Por cierto, ya dije que estaba contento porque el Papa Francisco fuera un jesuita: estudi\u00e9 Derecho con los jesuitas. Pues ahora lo estoy m\u00e1s: este Jueves Santo, Francisco, dar\u00e1 la Misa de la Cena del Se\u00f1or en un centro de internamiento de menores infractores. Como hac\u00eda cuando estaba en Argentina, va a lavar los pies a varios &#8216;choricillos&#8217;. Un buen ejemplo. Que tomen nota los politicos que hablan de los menores y nunca se han preocupado de visitar uno de estos centros. Se aprende mucho.<\/p>\n","protected":false},"excerpt":{"rendered":"<p>Buenas, soy Emilio Calatayud. Ayer\u00a0por la tarde, como hago desde 2009,\u00a0ten\u00eda que haber salido con la cofrad\u00eda de Jes\u00fas de la Sentencia de Granada, pero no ha podido ser porque ha llovido. Mi intenci\u00f3n este a\u00f1o no era pedir nada, sino dar gracias por estar como estoy. Hay muchas personas que est\u00e1n mucho peor que [&hellip;]<\/p>\n","protected":false},"author":2,"featured_media":0,"comment_status":"open","ping_status":"open","sticky":false,"template":"","format":"standard","meta":{"jetpack_post_was_ever_published":false,"_jetpack_newsletter_access":"","_jetpack_dont_email_post_to_subs":false,"_jetpack_newsletter_tier_id":0,"_jetpack_memberships_contains_paywalled_content":false,"_jetpack_memberships_contains_paid_content":false,"footnotes":""},"categories":[1],"tags":[604,596],"class_list":["post-2392","post","type-post","status-publish","format-standard","hentry","category-blog","tag-centro-de-menores","tag-papa"],"jetpack_featured_media_url":"","jetpack_shortlink":"https:\/\/wp.me\/p5fzW5-CA","jetpack-related-posts":[],"jetpack_sharing_enabled":true,"_links":{"self":[{"href":"https:\/\/www.granadablogs.com\/juezcalatayud\/wp-json\/wp\/v2\/posts\/2392","targetHints":{"allow":["GET"]}}],"collection":[{"href":"https:\/\/www.granadablogs.com\/juezcalatayud\/wp-json\/wp\/v2\/posts"}],"about":[{"href":"https:\/\/www.granadablogs.com\/juezcalatayud\/wp-json\/wp\/v2\/types\/post"}],"author":[{"embeddable":true,"href":"https:\/\/www.granadablogs.com\/juezcalatayud\/wp-json\/wp\/v2\/users\/2"}],"replies":[{"embeddable":true,"href":"https:\/\/www.granadablogs.com\/juezcalatayud\/wp-json\/wp\/v2\/comments?post=2392"}],"version-history":[{"count":2,"href":"https:\/\/www.granadablogs.com\/juezcalatayud\/wp-json\/wp\/v2\/posts\/2392\/revisions"}],"predecessor-version":[{"id":2395,"href":"https:\/\/www.granadablogs.com\/juezcalatayud\/wp-json\/wp\/v2\/posts\/2392\/revisions\/2395"}],"wp:attachment":[{"href":"https:\/\/www.granadablogs.com\/juezcalatayud\/wp-json\/wp\/v2\/media?parent=2392"}],"wp:term":[{"taxonomy":"category","embeddable":true,"href":"https:\/\/www.granadablogs.com\/juezcalatayud\/wp-json\/wp\/v2\/categories?post=2392"},{"taxonomy":"post_tag","embeddable":true,"href":"https:\/\/www.granadablogs.com\/juezcalatayud\/wp-json\/wp\/v2\/tags?post=2392"}],"curies":[{"name":"wp","href":"https:\/\/api.w.org\/{rel}","templated":true}]}}