{"id":2390,"date":"2013-03-23T21:18:58","date_gmt":"2013-03-23T20:18:58","guid":{"rendered":"http:\/\/www.granadablogs.com\/juezcalatayud\/?p=2390"},"modified":"2013-03-23T21:18:58","modified_gmt":"2013-03-23T20:18:58","slug":"un-record-de-audiencia-en-la-tele-y-en-el-blog","status":"publish","type":"post","link":"https:\/\/www.granadablogs.com\/juezcalatayud\/2013\/03\/un-record-de-audiencia-en-la-tele-y-en-el-blog\/","title":{"rendered":"Un r\u00e9cord de audiencia&#8230; en la &#8216;tele&#8217; y en el blog"},"content":{"rendered":"<p>La \u00faltima edici\u00f3n del programa &#8216;Pido la Palabra&#8217;, que emite Canal Sur Televisi\u00f3n y que cont\u00f3 con la presencia de don Emilio,\u00a0\u00a0\u00abbati\u00f3 su r\u00e9cord de audiencia\u00bb, seg\u00fan los datos que maneja la empresa Medina Media, productora del citado espacio. El programa -en el que tambi\u00e9n\u00a0participaron el\u00a0presidente nacional de los aut\u00f3nomos, Lorenzo Amor, y la abogada Maribel Mora, coordinadora de la Asociaci\u00f3n de Derechos Humanos-\u00a0\u00a0\u00ablogr\u00f3 un 13,4% de audiencia y fue seguido por una media de 456.000 espectadores, superando los datos de las visitas de Julio Anguita (12,4% y 429.000 espectadores el 8 de noviembre) y de Miguel \u00c1ngel Revilla -expresidente de Cantabria-\u00a0(11,9% y 426.000 espectadores de media el pasado 21 de febrero)\u00bb.<\/p>\n<p>Pero es que, adem\u00e1s, el comentario que hicimos en el blog al mismo tiempo que se produc\u00eda la intervenci\u00f3n del juez en la &#8216;tele&#8217; -y que es justo el que va antes de este- tambi\u00e9n bati\u00f3 r\u00e9cords: fue visto por m\u00e1s de 12.000 seres humanos, seg\u00fan el contador de nuestra p\u00e1gina de Facebook.<\/p>\n<p>Dice don Emilio que no lo entiende, que \u00e9l siempre dice lo mismo. Quiz\u00e1 ah\u00ed resida el secreto: en decir siempre lo mismo y no ser una veleta. En estos tiempos turbulentos y equ\u00edvocos se agradece que haya quien no cambie de opini\u00f3n o se contradiga cada dos por tres. Digo yo.<\/p>\n","protected":false},"excerpt":{"rendered":"<p>La \u00faltima edici\u00f3n del programa &#8216;Pido la Palabra&#8217;, que emite Canal Sur Televisi\u00f3n y que cont\u00f3 con la presencia de don Emilio,\u00a0\u00a0\u00abbati\u00f3 su r\u00e9cord de audiencia\u00bb, seg\u00fan los datos que maneja la empresa Medina Media, productora del citado espacio. El programa -en el que tambi\u00e9n\u00a0participaron el\u00a0presidente nacional de los aut\u00f3nomos, Lorenzo Amor, y la abogada [&hellip;]<\/p>\n","protected":false},"author":3,"featured_media":0,"comment_status":"open","ping_status":"open","sticky":false,"template":"","format":"standard","meta":{"jetpack_post_was_ever_published":false,"_jetpack_newsletter_access":"","_jetpack_dont_email_post_to_subs":false,"_jetpack_newsletter_tier_id":0,"_jetpack_memberships_contains_paywalled_content":false,"_jetpack_memberships_contains_paid_content":false,"footnotes":""},"categories":[1],"tags":[602,603,54],"class_list":["post-2390","post","type-post","status-publish","format-standard","hentry","category-blog","tag-audiencia","tag-record","tag-television"],"jetpack_featured_media_url":"","jetpack_shortlink":"https:\/\/wp.me\/p5fzW5-Cy","jetpack-related-posts":[],"jetpack_sharing_enabled":true,"_links":{"self":[{"href":"https:\/\/www.granadablogs.com\/juezcalatayud\/wp-json\/wp\/v2\/posts\/2390","targetHints":{"allow":["GET"]}}],"collection":[{"href":"https:\/\/www.granadablogs.com\/juezcalatayud\/wp-json\/wp\/v2\/posts"}],"about":[{"href":"https:\/\/www.granadablogs.com\/juezcalatayud\/wp-json\/wp\/v2\/types\/post"}],"author":[{"embeddable":true,"href":"https:\/\/www.granadablogs.com\/juezcalatayud\/wp-json\/wp\/v2\/users\/3"}],"replies":[{"embeddable":true,"href":"https:\/\/www.granadablogs.com\/juezcalatayud\/wp-json\/wp\/v2\/comments?post=2390"}],"version-history":[{"count":1,"href":"https:\/\/www.granadablogs.com\/juezcalatayud\/wp-json\/wp\/v2\/posts\/2390\/revisions"}],"predecessor-version":[{"id":2391,"href":"https:\/\/www.granadablogs.com\/juezcalatayud\/wp-json\/wp\/v2\/posts\/2390\/revisions\/2391"}],"wp:attachment":[{"href":"https:\/\/www.granadablogs.com\/juezcalatayud\/wp-json\/wp\/v2\/media?parent=2390"}],"wp:term":[{"taxonomy":"category","embeddable":true,"href":"https:\/\/www.granadablogs.com\/juezcalatayud\/wp-json\/wp\/v2\/categories?post=2390"},{"taxonomy":"post_tag","embeddable":true,"href":"https:\/\/www.granadablogs.com\/juezcalatayud\/wp-json\/wp\/v2\/tags?post=2390"}],"curies":[{"name":"wp","href":"https:\/\/api.w.org\/{rel}","templated":true}]}}