{"id":22772,"date":"2026-09-04T20:03:31","date_gmt":"2026-09-04T18:03:31","guid":{"rendered":"https:\/\/www.granadablogs.com\/juezcalatayud\/?p=22772"},"modified":"2026-09-04T20:03:31","modified_gmt":"2026-09-04T18:03:31","slug":"asi-han-cambiado-las-relaciones-entre-padres-y-maestros-antes-don-jose-castigue-mas-a-mi-nino-que-es-un-pieza-ahora-pepito-no-se-te-ocurra-levantarle-la-voz-a-mi-nino-que-te-crujo","status":"publish","type":"post","link":"https:\/\/www.granadablogs.com\/juezcalatayud\/2026\/09\/asi-han-cambiado-las-relaciones-entre-padres-y-maestros-antes-don-jose-castigue-mas-a-mi-nino-que-es-un-pieza-ahora-pepito-no-se-te-ocurra-levantarle-la-voz-a-mi-nino-que-te-crujo\/","title":{"rendered":"As\u00ed han cambiado las relaciones entre padres y maestros; antes: \u00abdon Jos\u00e9, castigue m\u00e1s a mi ni\u00f1o, que es un pieza\u00bb; ahora, \u00abPepito, no se te ocurra levantarle la voz a mi ni\u00f1o, que te crujo\u00bb"},"content":{"rendered":"\n<p class=\"wp-block-paragraph\">Buenas, soy Emilio Calatayud. Siempre lo digo, los espa\u00f1oles, por lo que sea, viajamos de un extremo al otro sin pasar por el centro. Ahora lo llaman polarizar, pero siempre ha existido. Un ejemplo, as\u00ed han cambiado las relaciones entre los padres y los maestros; antes: \u00abdon Jos\u00e9, castigue m\u00e1s a mi ni\u00f1o, que es un pieza\u00bb; ahora, \u00abPepito, no se te ocurra levantarle la voz a mi ni\u00f1o, que te crujo\u00bb.  Ni era aquello ni es esto. Debe haber un t\u00e9rmino medio, pero nos cuenta encontrarlo. Por lo que sea, ya digo. <\/p>\n","protected":false},"excerpt":{"rendered":"<p>Buenas, soy Emilio Calatayud. Siempre lo digo, los espa\u00f1oles, por lo que sea, viajamos de un extremo al otro sin pasar por el centro. Ahora lo llaman polarizar, pero siempre ha existido. Un ejemplo, as\u00ed han cambiado las relaciones entre los padres y los maestros; antes: \u00abdon Jos\u00e9, castigue m\u00e1s a mi ni\u00f1o, que es [&hellip;]<\/p>\n","protected":false},"author":1,"featured_media":13234,"comment_status":"open","ping_status":"open","sticky":false,"template":"","format":"standard","meta":{"jetpack_post_was_ever_published":false,"_jetpack_newsletter_access":"","_jetpack_dont_email_post_to_subs":false,"_jetpack_newsletter_tier_id":0,"_jetpack_memberships_contains_paywalled_content":false,"_jetpack_memberships_contains_paid_content":false,"footnotes":""},"categories":[],"tags":[1,81,90],"class_list":["post-22772","post","type-post","status-publish","format-standard","has-post-thumbnail","hentry","tag-blog","tag-maestros","tag-padres"],"jetpack_featured_media_url":"https:\/\/www.granadablogs.com\/juezcalatayud\/wp-content\/uploads\/2020\/07\/Emil-nueva-tres-1.jpg","jetpack_shortlink":"https:\/\/wp.me\/p5fzW5-5Vi","jetpack-related-posts":[],"jetpack_sharing_enabled":true,"_links":{"self":[{"href":"https:\/\/www.granadablogs.com\/juezcalatayud\/wp-json\/wp\/v2\/posts\/22772","targetHints":{"allow":["GET"]}}],"collection":[{"href":"https:\/\/www.granadablogs.com\/juezcalatayud\/wp-json\/wp\/v2\/posts"}],"about":[{"href":"https:\/\/www.granadablogs.com\/juezcalatayud\/wp-json\/wp\/v2\/types\/post"}],"author":[{"embeddable":true,"href":"https:\/\/www.granadablogs.com\/juezcalatayud\/wp-json\/wp\/v2\/users\/1"}],"replies":[{"embeddable":true,"href":"https:\/\/www.granadablogs.com\/juezcalatayud\/wp-json\/wp\/v2\/comments?post=22772"}],"version-history":[{"count":2,"href":"https:\/\/www.granadablogs.com\/juezcalatayud\/wp-json\/wp\/v2\/posts\/22772\/revisions"}],"predecessor-version":[{"id":22774,"href":"https:\/\/www.granadablogs.com\/juezcalatayud\/wp-json\/wp\/v2\/posts\/22772\/revisions\/22774"}],"wp:featuredmedia":[{"embeddable":true,"href":"https:\/\/www.granadablogs.com\/juezcalatayud\/wp-json\/wp\/v2\/media\/13234"}],"wp:attachment":[{"href":"https:\/\/www.granadablogs.com\/juezcalatayud\/wp-json\/wp\/v2\/media?parent=22772"}],"wp:term":[{"taxonomy":"category","embeddable":true,"href":"https:\/\/www.granadablogs.com\/juezcalatayud\/wp-json\/wp\/v2\/categories?post=22772"},{"taxonomy":"post_tag","embeddable":true,"href":"https:\/\/www.granadablogs.com\/juezcalatayud\/wp-json\/wp\/v2\/tags?post=22772"}],"curies":[{"name":"wp","href":"https:\/\/api.w.org\/{rel}","templated":true}]}}