{"id":22762,"date":"2026-08-31T20:05:46","date_gmt":"2026-08-31T18:05:46","guid":{"rendered":"https:\/\/www.granadablogs.com\/juezcalatayud\/?p=22762"},"modified":"2026-08-31T20:05:46","modified_gmt":"2026-08-31T18:05:46","slug":"manana-los-maestros-vuelven-al-cole-sin-ninos-todavia-pero-nadie-hace-reportajes-ni-na-para-mi-si-es-noticia-un-abrazo-suerte-y-tengan-cuidado-ahi-fuera","status":"publish","type":"post","link":"https:\/\/www.granadablogs.com\/juezcalatayud\/2026\/08\/manana-los-maestros-vuelven-al-cole-sin-ninos-todavia-pero-nadie-hace-reportajes-ni-na-para-mi-si-es-noticia-un-abrazo-suerte-y-tengan-cuidado-ahi-fuera\/","title":{"rendered":"Ma\u00f1ana los maestros vuelven al cole (sin ni\u00f1os todav\u00eda), pero nadie hace reportajes ni &#8216;na&#8217;, para m\u00ed s\u00ed es noticia: un abrazo, suerte, y tengan cuidado ah\u00ed fuera"},"content":{"rendered":"\n<p class=\"wp-block-paragraph\">Buenas, soy Emilio Calatayud. Cuando los ni\u00f1os vuelven al cole o al instituto, la noticia sale en todas partes. Se hacen reportajes en la tele, los peri\u00f3dicos, las radios&#8230; Ma\u00f1ana vuelven al cole los maestros, las se\u00f1os y los &#8216;profes&#8217; y &#8216;profas&#8217; de instituto (sin ni\u00f1os todav\u00eda), pero nadie hace reportajes ni &#8216;na&#8217;. Para m\u00ed s\u00ed es noticia: un abrazo para todos y suerte. Y como dec\u00eda el sargento de la serie televisiva &#8216;Canci\u00f3n triste de Hill Street&#8217; a sus polic\u00edas antes de que salieran a patrullar: \u00abTengan cuidado ah\u00ed fuera\u00bb. <\/p>\n\n\n\n<p class=\"wp-block-paragraph\"><\/p>\n","protected":false},"excerpt":{"rendered":"<p>Buenas, soy Emilio Calatayud. Cuando los ni\u00f1os vuelven al cole o al instituto, la noticia sale en todas partes. Se hacen reportajes en la tele, los peri\u00f3dicos, las radios&#8230; Ma\u00f1ana vuelven al cole los maestros, las se\u00f1os y los &#8216;profes&#8217; y &#8216;profas&#8217; de instituto (sin ni\u00f1os todav\u00eda), pero nadie hace reportajes ni &#8216;na&#8217;. Para m\u00ed [&hellip;]<\/p>\n","protected":false},"author":1,"featured_media":18975,"comment_status":"open","ping_status":"open","sticky":false,"template":"","format":"standard","meta":{"jetpack_post_was_ever_published":false,"_jetpack_newsletter_access":"","_jetpack_dont_email_post_to_subs":false,"_jetpack_newsletter_tier_id":0,"_jetpack_memberships_contains_paywalled_content":false,"_jetpack_memberships_contains_paid_content":false,"footnotes":""},"categories":[],"tags":[935,1,81,934],"class_list":["post-22762","post","type-post","status-publish","format-standard","has-post-thumbnail","hentry","tag-al-cole","tag-blog","tag-maestros","tag-vuelta"],"jetpack_featured_media_url":"https:\/\/www.granadablogs.com\/juezcalatayud\/wp-content\/uploads\/2024\/01\/Emilio-scaled.jpg","jetpack_shortlink":"https:\/\/wp.me\/p5fzW5-5V8","jetpack-related-posts":[],"jetpack_sharing_enabled":true,"_links":{"self":[{"href":"https:\/\/www.granadablogs.com\/juezcalatayud\/wp-json\/wp\/v2\/posts\/22762","targetHints":{"allow":["GET"]}}],"collection":[{"href":"https:\/\/www.granadablogs.com\/juezcalatayud\/wp-json\/wp\/v2\/posts"}],"about":[{"href":"https:\/\/www.granadablogs.com\/juezcalatayud\/wp-json\/wp\/v2\/types\/post"}],"author":[{"embeddable":true,"href":"https:\/\/www.granadablogs.com\/juezcalatayud\/wp-json\/wp\/v2\/users\/1"}],"replies":[{"embeddable":true,"href":"https:\/\/www.granadablogs.com\/juezcalatayud\/wp-json\/wp\/v2\/comments?post=22762"}],"version-history":[{"count":1,"href":"https:\/\/www.granadablogs.com\/juezcalatayud\/wp-json\/wp\/v2\/posts\/22762\/revisions"}],"predecessor-version":[{"id":22763,"href":"https:\/\/www.granadablogs.com\/juezcalatayud\/wp-json\/wp\/v2\/posts\/22762\/revisions\/22763"}],"wp:featuredmedia":[{"embeddable":true,"href":"https:\/\/www.granadablogs.com\/juezcalatayud\/wp-json\/wp\/v2\/media\/18975"}],"wp:attachment":[{"href":"https:\/\/www.granadablogs.com\/juezcalatayud\/wp-json\/wp\/v2\/media?parent=22762"}],"wp:term":[{"taxonomy":"category","embeddable":true,"href":"https:\/\/www.granadablogs.com\/juezcalatayud\/wp-json\/wp\/v2\/categories?post=22762"},{"taxonomy":"post_tag","embeddable":true,"href":"https:\/\/www.granadablogs.com\/juezcalatayud\/wp-json\/wp\/v2\/tags?post=22762"}],"curies":[{"name":"wp","href":"https:\/\/api.w.org\/{rel}","templated":true}]}}