{"id":22758,"date":"2026-08-30T20:03:27","date_gmt":"2026-08-30T18:03:27","guid":{"rendered":"https:\/\/www.granadablogs.com\/juezcalatayud\/?p=22758"},"modified":"2026-08-30T20:03:27","modified_gmt":"2026-08-30T18:03:27","slug":"terremotos-incendios-ceuta-anoro-aquellos-meses-de-agosto-en-los-que-no-pasaba-na","status":"publish","type":"post","link":"https:\/\/www.granadablogs.com\/juezcalatayud\/2026\/08\/terremotos-incendios-ceuta-anoro-aquellos-meses-de-agosto-en-los-que-no-pasaba-na\/","title":{"rendered":"Terremotos, incendios, Ceuta&#8230;, a\u00f1oro aquellos meses de agosto en los que no pasaba &#8216;na&#8217;"},"content":{"rendered":"\n<p class=\"wp-block-paragraph\">Buenas, soy Emilio Calatayud. Las noticias que aparec\u00edan en los medios de comunicaci\u00f3n un 15 de agosto sol\u00edan tener titulares como &#8216;La ciudad est\u00e1 vac\u00eda&#8217;, &#8216;La playa est\u00e1 llena&#8217;, etc. Resumiendo, que no pasaba &#8216;na&#8217; y los periodistas ten\u00edan que tirar de imaginaci\u00f3n para llenar los informativos. Pero eso tambi\u00e9n est\u00e1 cambiando. El pasado 15 de agosto, hubo un terremoto gordo en Gran\u00e1 y, unos d\u00edas despu\u00e9s, otro igual de gordo. Tambi\u00e9n hubo grandes incendios en Andaluc\u00eda, uno de ellos, con v\u00edctimas mortales, y otras partes de Espa\u00f1a. Y, claro, la crisis de Ceuta, que ah\u00ed sigue y sin pinta de que vaya a terminar. La verdad es que a\u00f1oro aquellos meses de agosto en los que no pasaba &#8216;na&#8217;. A ver si septiembre es un poco mejor. <\/p>\n\n\n\n<p class=\"wp-block-paragraph\"><\/p>\n","protected":false},"excerpt":{"rendered":"<p>Buenas, soy Emilio Calatayud. Las noticias que aparec\u00edan en los medios de comunicaci\u00f3n un 15 de agosto sol\u00edan tener titulares como &#8216;La ciudad est\u00e1 vac\u00eda&#8217;, &#8216;La playa est\u00e1 llena&#8217;, etc. Resumiendo, que no pasaba &#8216;na&#8217; y los periodistas ten\u00edan que tirar de imaginaci\u00f3n para llenar los informativos. Pero eso tambi\u00e9n est\u00e1 cambiando. El pasado 15 [&hellip;]<\/p>\n","protected":false},"author":1,"featured_media":13210,"comment_status":"open","ping_status":"open","sticky":false,"template":"","format":"standard","meta":{"jetpack_post_was_ever_published":false,"_jetpack_newsletter_access":"","_jetpack_dont_email_post_to_subs":false,"_jetpack_newsletter_tier_id":0,"_jetpack_memberships_contains_paywalled_content":false,"_jetpack_memberships_contains_paid_content":false,"footnotes":""},"categories":[],"tags":[1528,1,2904,1888,2823],"class_list":["post-22758","post","type-post","status-publish","format-standard","has-post-thumbnail","hentry","tag-agosto","tag-blog","tag-ceuta","tag-incendios","tag-terremotos"],"jetpack_featured_media_url":"https:\/\/www.granadablogs.com\/juezcalatayud\/wp-content\/uploads\/2020\/07\/Emil-nueva-1.jpg","jetpack_shortlink":"https:\/\/wp.me\/p5fzW5-5V4","jetpack-related-posts":[],"jetpack_sharing_enabled":true,"_links":{"self":[{"href":"https:\/\/www.granadablogs.com\/juezcalatayud\/wp-json\/wp\/v2\/posts\/22758","targetHints":{"allow":["GET"]}}],"collection":[{"href":"https:\/\/www.granadablogs.com\/juezcalatayud\/wp-json\/wp\/v2\/posts"}],"about":[{"href":"https:\/\/www.granadablogs.com\/juezcalatayud\/wp-json\/wp\/v2\/types\/post"}],"author":[{"embeddable":true,"href":"https:\/\/www.granadablogs.com\/juezcalatayud\/wp-json\/wp\/v2\/users\/1"}],"replies":[{"embeddable":true,"href":"https:\/\/www.granadablogs.com\/juezcalatayud\/wp-json\/wp\/v2\/comments?post=22758"}],"version-history":[{"count":2,"href":"https:\/\/www.granadablogs.com\/juezcalatayud\/wp-json\/wp\/v2\/posts\/22758\/revisions"}],"predecessor-version":[{"id":22760,"href":"https:\/\/www.granadablogs.com\/juezcalatayud\/wp-json\/wp\/v2\/posts\/22758\/revisions\/22760"}],"wp:featuredmedia":[{"embeddable":true,"href":"https:\/\/www.granadablogs.com\/juezcalatayud\/wp-json\/wp\/v2\/media\/13210"}],"wp:attachment":[{"href":"https:\/\/www.granadablogs.com\/juezcalatayud\/wp-json\/wp\/v2\/media?parent=22758"}],"wp:term":[{"taxonomy":"category","embeddable":true,"href":"https:\/\/www.granadablogs.com\/juezcalatayud\/wp-json\/wp\/v2\/categories?post=22758"},{"taxonomy":"post_tag","embeddable":true,"href":"https:\/\/www.granadablogs.com\/juezcalatayud\/wp-json\/wp\/v2\/tags?post=22758"}],"curies":[{"name":"wp","href":"https:\/\/api.w.org\/{rel}","templated":true}]}}