{"id":2269,"date":"2013-01-15T23:36:54","date_gmt":"2013-01-15T22:36:54","guid":{"rendered":"http:\/\/www.granadablogs.com\/juezcalatayud\/?p=2269"},"modified":"2013-01-15T23:36:54","modified_gmt":"2013-01-15T22:36:54","slug":"el-213-por-ciento-de-los-adolescentes-espanoles-esta-en-riesgo-de-desarrollar-una-adiccion-a-internet","status":"publish","type":"post","link":"https:\/\/www.granadablogs.com\/juezcalatayud\/2013\/01\/el-213-por-ciento-de-los-adolescentes-espanoles-esta-en-riesgo-de-desarrollar-una-adiccion-a-internet\/","title":{"rendered":"El 21,3 por ciento de los adolescentes espa\u00f1oles est\u00e1 en riesgo de desarrollar una adicci\u00f3n a Internet"},"content":{"rendered":"<p>Aqu\u00ed va un aviso a navegantes. Hay que estar atentos con los chavales e Internet. Sin histerismos, pero atentos. La noticia es de Europa Press. \u00abEl 21,3 por ciento de los adolescentes espa\u00f1oles est\u00e1 en riesgo de desarrollar una adicci\u00f3n a Internet debido al tiempo que dedica a navegar por la Red, frente al 12,7 por ciento de media europea, seg\u00fan un estudio financiado por la Uni\u00f3n Europea en diferentes pa\u00edses que ha contado con la colaboraci\u00f3n de la asociaci\u00f3n Pr\u00f3tegeles en Espa\u00f1a.<\/p>\n<p>Este porcentaje sit\u00faa a Espa\u00f1a en cabeza de los pa\u00edses incluidos en el estudio por delante de Ruman\u00eda (16% de riesgo de generar una adicci\u00f3n), Polonia (12%), Pa\u00edses Bajos (11,4%), Grecia (11%), Alemania (9,7%) e Islandia (7,2%). Adem\u00e1s, el trabajo, en el que han participado hasta 2.000 adolescentes por pa\u00eds, destaca que el 1,5 por ciento de adolescentes espa\u00f1oles ya tiene este tipo de adicciones.<\/p>\n<p>Seg\u00fan la definici\u00f3n de los autores, la conducta adictiva a Internet consiste en un patr\u00f3n de comportamiento caracterizado por la p\u00e9rdida de control sobre el uso de Internet y \u00abconduce potencialmente al aislamiento, el descuido de las relaciones sociales, de las actividades acad\u00e9micas, de las actividades recreativas, de la salud y de la higiene personal\u00bb.<\/p>\n<p>&nbsp;<\/p>\n<p><input id=\"input_docid\" type=\"hidden\" name=\"input_docid\" value=\"\/1\/Teletipos\/10-448773661.XML\" \/><input id=\"input_template\" type=\"hidden\" name=\"input_template\" \/><\/p>\n","protected":false},"excerpt":{"rendered":"<p>Aqu\u00ed va un aviso a navegantes. Hay que estar atentos con los chavales e Internet. Sin histerismos, pero atentos. La noticia es de Europa Press. \u00abEl 21,3 por ciento de los adolescentes espa\u00f1oles est\u00e1 en riesgo de desarrollar una adicci\u00f3n a Internet debido al tiempo que dedica a navegar por la Red, frente al 12,7 [&hellip;]<\/p>\n","protected":false},"author":3,"featured_media":0,"comment_status":"open","ping_status":"open","sticky":false,"template":"","format":"standard","meta":{"jetpack_post_was_ever_published":false,"_jetpack_newsletter_access":"","_jetpack_dont_email_post_to_subs":false,"_jetpack_newsletter_tier_id":0,"_jetpack_memberships_contains_paywalled_content":false,"_jetpack_memberships_contains_paid_content":false,"footnotes":""},"categories":[1],"tags":[307,552,65],"class_list":["post-2269","post","type-post","status-publish","format-standard","hentry","category-blog","tag-adiccion","tag-estudio","tag-internet"],"jetpack_featured_media_url":"","jetpack_shortlink":"https:\/\/wp.me\/p5fzW5-AB","jetpack-related-posts":[],"jetpack_sharing_enabled":true,"_links":{"self":[{"href":"https:\/\/www.granadablogs.com\/juezcalatayud\/wp-json\/wp\/v2\/posts\/2269","targetHints":{"allow":["GET"]}}],"collection":[{"href":"https:\/\/www.granadablogs.com\/juezcalatayud\/wp-json\/wp\/v2\/posts"}],"about":[{"href":"https:\/\/www.granadablogs.com\/juezcalatayud\/wp-json\/wp\/v2\/types\/post"}],"author":[{"embeddable":true,"href":"https:\/\/www.granadablogs.com\/juezcalatayud\/wp-json\/wp\/v2\/users\/3"}],"replies":[{"embeddable":true,"href":"https:\/\/www.granadablogs.com\/juezcalatayud\/wp-json\/wp\/v2\/comments?post=2269"}],"version-history":[{"count":1,"href":"https:\/\/www.granadablogs.com\/juezcalatayud\/wp-json\/wp\/v2\/posts\/2269\/revisions"}],"predecessor-version":[{"id":2270,"href":"https:\/\/www.granadablogs.com\/juezcalatayud\/wp-json\/wp\/v2\/posts\/2269\/revisions\/2270"}],"wp:attachment":[{"href":"https:\/\/www.granadablogs.com\/juezcalatayud\/wp-json\/wp\/v2\/media?parent=2269"}],"wp:term":[{"taxonomy":"category","embeddable":true,"href":"https:\/\/www.granadablogs.com\/juezcalatayud\/wp-json\/wp\/v2\/categories?post=2269"},{"taxonomy":"post_tag","embeddable":true,"href":"https:\/\/www.granadablogs.com\/juezcalatayud\/wp-json\/wp\/v2\/tags?post=2269"}],"curies":[{"name":"wp","href":"https:\/\/api.w.org\/{rel}","templated":true}]}}