{"id":22336,"date":"2026-05-01T13:10:25","date_gmt":"2026-05-01T11:10:25","guid":{"rendered":"https:\/\/www.granadablogs.com\/juezcalatayud\/?p=22336"},"modified":"2026-05-01T13:10:25","modified_gmt":"2026-05-01T11:10:25","slug":"los-que-trabajais-es-porque-no-valeis-para-otra-cosa-y-los-jubilados-valemos-para-to-porque-no-paramos-buen-dia-del-trabajo","status":"publish","type":"post","link":"https:\/\/www.granadablogs.com\/juezcalatayud\/2026\/05\/los-que-trabajais-es-porque-no-valeis-para-otra-cosa-y-los-jubilados-valemos-para-to-porque-no-paramos-buen-dia-del-trabajo\/","title":{"rendered":"Los que trabaj\u00e1is es porque no val\u00e9is para otra cosa y los jubilados valemos para &#8216;to&#8217;, porque no paramos, buen d\u00eda del Trabajo"},"content":{"rendered":"\n<p>Buenas, soy Emilio Calatayud. Cuando estaba en activo, celebraba el d\u00eda del Trabajo diciendo que los que &#8216;trabajamos es que no valemos para otra cosa&#8217;. Ahora que ya no estoy en activo digo que los que trabaj\u00e1is es porque no val\u00e9is para otra cosa y los jubilados valemos para &#8216;to&#8217; porque no paramos. Que pas\u00e9is un buen d\u00eda. Aunque sea trabajando. <\/p>\n","protected":false},"excerpt":{"rendered":"<p>Buenas, soy Emilio Calatayud. Cuando estaba en activo, celebraba el d\u00eda del Trabajo diciendo que los que &#8216;trabajamos es que no valemos para otra cosa&#8217;. Ahora que ya no estoy en activo digo que los que trabaj\u00e1is es porque no val\u00e9is para otra cosa y los jubilados valemos para &#8216;to&#8217; porque no paramos. Que pas\u00e9is [&hellip;]<\/p>\n","protected":false},"author":1,"featured_media":13222,"comment_status":"open","ping_status":"open","sticky":false,"template":"","format":"standard","meta":{"jetpack_post_was_ever_published":false,"_jetpack_newsletter_access":"","_jetpack_dont_email_post_to_subs":false,"_jetpack_newsletter_tier_id":0,"_jetpack_memberships_contains_paywalled_content":false,"_jetpack_memberships_contains_paid_content":false,"footnotes":""},"categories":[],"tags":[1,4360,624],"class_list":["post-22336","post","type-post","status-publish","format-standard","has-post-thumbnail","hentry","tag-blog","tag-del-trabajo","tag-dia"],"jetpack_featured_media_url":"https:\/\/www.granadablogs.com\/juezcalatayud\/wp-content\/uploads\/2020\/07\/Emil-nueva-tres.jpg","jetpack_shortlink":"https:\/\/wp.me\/p5fzW5-5Og","jetpack-related-posts":[],"jetpack_sharing_enabled":true,"_links":{"self":[{"href":"https:\/\/www.granadablogs.com\/juezcalatayud\/wp-json\/wp\/v2\/posts\/22336","targetHints":{"allow":["GET"]}}],"collection":[{"href":"https:\/\/www.granadablogs.com\/juezcalatayud\/wp-json\/wp\/v2\/posts"}],"about":[{"href":"https:\/\/www.granadablogs.com\/juezcalatayud\/wp-json\/wp\/v2\/types\/post"}],"author":[{"embeddable":true,"href":"https:\/\/www.granadablogs.com\/juezcalatayud\/wp-json\/wp\/v2\/users\/1"}],"replies":[{"embeddable":true,"href":"https:\/\/www.granadablogs.com\/juezcalatayud\/wp-json\/wp\/v2\/comments?post=22336"}],"version-history":[{"count":1,"href":"https:\/\/www.granadablogs.com\/juezcalatayud\/wp-json\/wp\/v2\/posts\/22336\/revisions"}],"predecessor-version":[{"id":22337,"href":"https:\/\/www.granadablogs.com\/juezcalatayud\/wp-json\/wp\/v2\/posts\/22336\/revisions\/22337"}],"wp:featuredmedia":[{"embeddable":true,"href":"https:\/\/www.granadablogs.com\/juezcalatayud\/wp-json\/wp\/v2\/media\/13222"}],"wp:attachment":[{"href":"https:\/\/www.granadablogs.com\/juezcalatayud\/wp-json\/wp\/v2\/media?parent=22336"}],"wp:term":[{"taxonomy":"category","embeddable":true,"href":"https:\/\/www.granadablogs.com\/juezcalatayud\/wp-json\/wp\/v2\/categories?post=22336"},{"taxonomy":"post_tag","embeddable":true,"href":"https:\/\/www.granadablogs.com\/juezcalatayud\/wp-json\/wp\/v2\/tags?post=22336"}],"curies":[{"name":"wp","href":"https:\/\/api.w.org\/{rel}","templated":true}]}}