{"id":22334,"date":"2026-04-30T20:07:58","date_gmt":"2026-04-30T18:07:58","guid":{"rendered":"https:\/\/www.granadablogs.com\/juezcalatayud\/?p=22334"},"modified":"2026-04-30T20:07:58","modified_gmt":"2026-04-30T18:07:58","slug":"he-visto-este-letrero-y-he-pensado-en-vosotros-los-del-blog-te-deseo-que-estes-vivo-cada-dia-de-tu-vida","status":"publish","type":"post","link":"https:\/\/www.granadablogs.com\/juezcalatayud\/2026\/04\/he-visto-este-letrero-y-he-pensado-en-vosotros-los-del-blog-te-deseo-que-estes-vivo-cada-dia-de-tu-vida\/","title":{"rendered":"He visto este letrero y he pensado en vosotros, los del blog: \u00abTe deseo que est\u00e9s vivo cada d\u00eda de tu vida\u00bb"},"content":{"rendered":"\n<p>Buenas, soy Emilio Calatayud. He visto un coche que llevaba un letrero que me ha llamado la atenci\u00f3n y he pensado en vosotros, los amigos (hay m\u00e1s amigas) del blog.  Dec\u00eda as\u00ed: \u00abTe deseo que est\u00e9s vivo cada d\u00eda de tu vida\u00bb. Me ha gustado. Y tambi\u00e9n aprovecho para pediros prudencia en las carreteras a los que os vais de puente. Hay que cuidarse. <\/p>\n\n\n\n<p><\/p>\n","protected":false},"excerpt":{"rendered":"<p>Buenas, soy Emilio Calatayud. He visto un coche que llevaba un letrero que me ha llamado la atenci\u00f3n y he pensado en vosotros, los amigos (hay m\u00e1s amigas) del blog. Dec\u00eda as\u00ed: \u00abTe deseo que est\u00e9s vivo cada d\u00eda de tu vida\u00bb. Me ha gustado. Y tambi\u00e9n aprovecho para pediros prudencia en las carreteras a [&hellip;]<\/p>\n","protected":false},"author":1,"featured_media":22218,"comment_status":"open","ping_status":"open","sticky":false,"template":"","format":"standard","meta":{"jetpack_post_was_ever_published":false,"_jetpack_newsletter_access":"","_jetpack_dont_email_post_to_subs":false,"_jetpack_newsletter_tier_id":0,"_jetpack_memberships_contains_paywalled_content":false,"_jetpack_memberships_contains_paid_content":false,"footnotes":""},"categories":[],"tags":[1,3709,1529],"class_list":["post-22334","post","type-post","status-publish","format-standard","has-post-thumbnail","hentry","tag-blog","tag-festivo","tag-puente"],"jetpack_featured_media_url":"https:\/\/www.granadablogs.com\/juezcalatayud\/wp-content\/uploads\/2026\/03\/Don-Emilio.jpg","jetpack_shortlink":"https:\/\/wp.me\/p5fzW5-5Oe","jetpack-related-posts":[],"jetpack_sharing_enabled":true,"_links":{"self":[{"href":"https:\/\/www.granadablogs.com\/juezcalatayud\/wp-json\/wp\/v2\/posts\/22334","targetHints":{"allow":["GET"]}}],"collection":[{"href":"https:\/\/www.granadablogs.com\/juezcalatayud\/wp-json\/wp\/v2\/posts"}],"about":[{"href":"https:\/\/www.granadablogs.com\/juezcalatayud\/wp-json\/wp\/v2\/types\/post"}],"author":[{"embeddable":true,"href":"https:\/\/www.granadablogs.com\/juezcalatayud\/wp-json\/wp\/v2\/users\/1"}],"replies":[{"embeddable":true,"href":"https:\/\/www.granadablogs.com\/juezcalatayud\/wp-json\/wp\/v2\/comments?post=22334"}],"version-history":[{"count":1,"href":"https:\/\/www.granadablogs.com\/juezcalatayud\/wp-json\/wp\/v2\/posts\/22334\/revisions"}],"predecessor-version":[{"id":22335,"href":"https:\/\/www.granadablogs.com\/juezcalatayud\/wp-json\/wp\/v2\/posts\/22334\/revisions\/22335"}],"wp:featuredmedia":[{"embeddable":true,"href":"https:\/\/www.granadablogs.com\/juezcalatayud\/wp-json\/wp\/v2\/media\/22218"}],"wp:attachment":[{"href":"https:\/\/www.granadablogs.com\/juezcalatayud\/wp-json\/wp\/v2\/media?parent=22334"}],"wp:term":[{"taxonomy":"category","embeddable":true,"href":"https:\/\/www.granadablogs.com\/juezcalatayud\/wp-json\/wp\/v2\/categories?post=22334"},{"taxonomy":"post_tag","embeddable":true,"href":"https:\/\/www.granadablogs.com\/juezcalatayud\/wp-json\/wp\/v2\/tags?post=22334"}],"curies":[{"name":"wp","href":"https:\/\/api.w.org\/{rel}","templated":true}]}}