{"id":22327,"date":"2026-04-28T20:10:03","date_gmt":"2026-04-28T18:10:03","guid":{"rendered":"https:\/\/www.granadablogs.com\/juezcalatayud\/?p=22327"},"modified":"2026-04-28T22:52:22","modified_gmt":"2026-04-28T20:52:22","slug":"don-emilio-a-mis-93-anos-he-visto-por-primera-vez-un-partido-de-futbol-y-me-he-reido-mucho-los-jugadores-se-caen-como-yo-ole-por-usted","status":"publish","type":"post","link":"https:\/\/www.granadablogs.com\/juezcalatayud\/2026\/04\/don-emilio-a-mis-93-anos-he-visto-por-primera-vez-un-partido-de-futbol-y-me-he-reido-mucho-los-jugadores-se-caen-como-yo-ole-por-usted\/","title":{"rendered":"\u00abDon Emilio, a mis 93 a\u00f1os he visto por primera vez un partido de f\u00fatbol y me he re\u00eddo mucho, los jugadores se caen como yo\u00bb Ol\u00e9 por usted"},"content":{"rendered":"\n<p>Buenas, soy Emilio Calatayud. Una dama que va para los cien me ha alegrado el d\u00eda con su salero y buen humor. Resulta que la mujer nunca hab\u00eda tenido la inquietud de ver un partido de f\u00fatbol y el otro d\u00eda se anim\u00f3 porque toda su familia estaba reunida alrededor de la tele para ver la final de la Copa del Rey. M\u00e1s vale tarde que nunca. Y luego me lo cont\u00f3: \u00abDon Emilio, a mis 93 a\u00f1os he visto por primera vez un partido de f\u00fatbol y me he re\u00eddo mucho, los jugadores se caen como yo\u00bb. Ol\u00e9 por usted, ja, ja, ja.<\/p>\n\n\n\n<p><\/p>\n","protected":false},"excerpt":{"rendered":"<p>Buenas, soy Emilio Calatayud. Una dama que va para los cien me ha alegrado el d\u00eda con su salero y buen humor. Resulta que la mujer nunca hab\u00eda tenido la inquietud de ver un partido de f\u00fatbol y el otro d\u00eda se anim\u00f3 porque toda su familia estaba reunida alrededor de la tele para ver [&hellip;]<\/p>\n","protected":false},"author":1,"featured_media":13866,"comment_status":"open","ping_status":"open","sticky":false,"template":"","format":"standard","meta":{"jetpack_post_was_ever_published":false,"_jetpack_newsletter_access":"","_jetpack_dont_email_post_to_subs":false,"_jetpack_newsletter_tier_id":0,"_jetpack_memberships_contains_paywalled_content":false,"_jetpack_memberships_contains_paid_content":false,"footnotes":""},"categories":[],"tags":[1,4356,1344],"class_list":["post-22327","post","type-post","status-publish","format-standard","has-post-thumbnail","hentry","tag-blog","tag-de-futbol","tag-partido"],"jetpack_featured_media_url":"https:\/\/www.granadablogs.com\/juezcalatayud\/wp-content\/uploads\/2020\/11\/Emilio.jpg","jetpack_shortlink":"https:\/\/wp.me\/p5fzW5-5O7","jetpack-related-posts":[],"jetpack_sharing_enabled":true,"_links":{"self":[{"href":"https:\/\/www.granadablogs.com\/juezcalatayud\/wp-json\/wp\/v2\/posts\/22327","targetHints":{"allow":["GET"]}}],"collection":[{"href":"https:\/\/www.granadablogs.com\/juezcalatayud\/wp-json\/wp\/v2\/posts"}],"about":[{"href":"https:\/\/www.granadablogs.com\/juezcalatayud\/wp-json\/wp\/v2\/types\/post"}],"author":[{"embeddable":true,"href":"https:\/\/www.granadablogs.com\/juezcalatayud\/wp-json\/wp\/v2\/users\/1"}],"replies":[{"embeddable":true,"href":"https:\/\/www.granadablogs.com\/juezcalatayud\/wp-json\/wp\/v2\/comments?post=22327"}],"version-history":[{"count":3,"href":"https:\/\/www.granadablogs.com\/juezcalatayud\/wp-json\/wp\/v2\/posts\/22327\/revisions"}],"predecessor-version":[{"id":22331,"href":"https:\/\/www.granadablogs.com\/juezcalatayud\/wp-json\/wp\/v2\/posts\/22327\/revisions\/22331"}],"wp:featuredmedia":[{"embeddable":true,"href":"https:\/\/www.granadablogs.com\/juezcalatayud\/wp-json\/wp\/v2\/media\/13866"}],"wp:attachment":[{"href":"https:\/\/www.granadablogs.com\/juezcalatayud\/wp-json\/wp\/v2\/media?parent=22327"}],"wp:term":[{"taxonomy":"category","embeddable":true,"href":"https:\/\/www.granadablogs.com\/juezcalatayud\/wp-json\/wp\/v2\/categories?post=22327"},{"taxonomy":"post_tag","embeddable":true,"href":"https:\/\/www.granadablogs.com\/juezcalatayud\/wp-json\/wp\/v2\/tags?post=22327"}],"curies":[{"name":"wp","href":"https:\/\/api.w.org\/{rel}","templated":true}]}}