{"id":22323,"date":"2026-04-27T20:09:28","date_gmt":"2026-04-27T18:09:28","guid":{"rendered":"https:\/\/www.granadablogs.com\/juezcalatayud\/?p=22323"},"modified":"2026-04-27T20:09:28","modified_gmt":"2026-04-27T18:09:28","slug":"en-cataluna-van-a-poner-mossos-en-los-institutos-si-no-se-respeta-la-autoridad-de-los-profesores-no-se-yo-si-se-va-a-respetar-la-de-los-policias-veremos","status":"publish","type":"post","link":"https:\/\/www.granadablogs.com\/juezcalatayud\/2026\/04\/en-cataluna-van-a-poner-mossos-en-los-institutos-si-no-se-respeta-la-autoridad-de-los-profesores-no-se-yo-si-se-va-a-respetar-la-de-los-policias-veremos\/","title":{"rendered":"En Catalu\u00f1a van a poner &#8216;mossos&#8217; en los institutos, si no se respeta la autoridad de los profesores no s\u00e9 yo si se va a respetar la de los polic\u00edas&#8230;,veremos"},"content":{"rendered":"\n<p>Buenas, soy Emilio Calatayud. Catalu\u00f1a va a poner en marcha un programa piloto que va a consistir en introducir a &#8216;mossos&#8217; de paisano en institutos conflictivos para intentar mejorar la convivencia en esos centros. La iniciativa ha generado una importante pol\u00e9mica. Hay quien se ha manifestado bajo el lema &#8216;Menos polic\u00edas y m\u00e1s recursos para la escuela p\u00fablica&#8217;. Pienso que si no se respeta la autoridad de los profesores no s\u00e9 yo si se va a respetar la de los polic\u00edas&#8230;, veremos. Seguramente hacen falta m\u00e1s medios para la escuela p\u00fablica, pero tambi\u00e9n que los ni\u00f1os tengan educaci\u00f3n y eso corresponde a las familias.<\/p>\n","protected":false},"excerpt":{"rendered":"<p>Buenas, soy Emilio Calatayud. Catalu\u00f1a va a poner en marcha un programa piloto que va a consistir en introducir a &#8216;mossos&#8217; de paisano en institutos conflictivos para intentar mejorar la convivencia en esos centros. La iniciativa ha generado una importante pol\u00e9mica. Hay quien se ha manifestado bajo el lema &#8216;Menos polic\u00edas y m\u00e1s recursos para [&hellip;]<\/p>\n","protected":false},"author":1,"featured_media":18131,"comment_status":"open","ping_status":"open","sticky":false,"template":"","format":"standard","meta":{"jetpack_post_was_ever_published":false,"_jetpack_newsletter_access":"","_jetpack_dont_email_post_to_subs":false,"_jetpack_newsletter_tier_id":0,"_jetpack_memberships_contains_paywalled_content":false,"_jetpack_memberships_contains_paid_content":false,"footnotes":""},"categories":[],"tags":[1,206,1335,4354],"class_list":["post-22323","post","type-post","status-publish","format-standard","has-post-thumbnail","hentry","tag-blog","tag-cataluna","tag-institutos","tag-mossos"],"jetpack_featured_media_url":"https:\/\/www.granadablogs.com\/juezcalatayud\/wp-content\/uploads\/2023\/07\/Juez-calatayud-Alfredo-Aguilar.jpg","jetpack_shortlink":"https:\/\/wp.me\/p5fzW5-5O3","jetpack-related-posts":[],"jetpack_sharing_enabled":true,"_links":{"self":[{"href":"https:\/\/www.granadablogs.com\/juezcalatayud\/wp-json\/wp\/v2\/posts\/22323","targetHints":{"allow":["GET"]}}],"collection":[{"href":"https:\/\/www.granadablogs.com\/juezcalatayud\/wp-json\/wp\/v2\/posts"}],"about":[{"href":"https:\/\/www.granadablogs.com\/juezcalatayud\/wp-json\/wp\/v2\/types\/post"}],"author":[{"embeddable":true,"href":"https:\/\/www.granadablogs.com\/juezcalatayud\/wp-json\/wp\/v2\/users\/1"}],"replies":[{"embeddable":true,"href":"https:\/\/www.granadablogs.com\/juezcalatayud\/wp-json\/wp\/v2\/comments?post=22323"}],"version-history":[{"count":3,"href":"https:\/\/www.granadablogs.com\/juezcalatayud\/wp-json\/wp\/v2\/posts\/22323\/revisions"}],"predecessor-version":[{"id":22326,"href":"https:\/\/www.granadablogs.com\/juezcalatayud\/wp-json\/wp\/v2\/posts\/22323\/revisions\/22326"}],"wp:featuredmedia":[{"embeddable":true,"href":"https:\/\/www.granadablogs.com\/juezcalatayud\/wp-json\/wp\/v2\/media\/18131"}],"wp:attachment":[{"href":"https:\/\/www.granadablogs.com\/juezcalatayud\/wp-json\/wp\/v2\/media?parent=22323"}],"wp:term":[{"taxonomy":"category","embeddable":true,"href":"https:\/\/www.granadablogs.com\/juezcalatayud\/wp-json\/wp\/v2\/categories?post=22323"},{"taxonomy":"post_tag","embeddable":true,"href":"https:\/\/www.granadablogs.com\/juezcalatayud\/wp-json\/wp\/v2\/tags?post=22323"}],"curies":[{"name":"wp","href":"https:\/\/api.w.org\/{rel}","templated":true}]}}