{"id":22319,"date":"2026-04-26T20:09:44","date_gmt":"2026-04-26T18:09:44","guid":{"rendered":"https:\/\/www.granadablogs.com\/juezcalatayud\/?p=22319"},"modified":"2026-04-26T20:09:44","modified_gmt":"2026-04-26T18:09:44","slug":"mi-hija-solo-se-acuerda-de-lo-que-le-interesa-normal-los-ninos-son-ninos-pero-no-son-tontos","status":"publish","type":"post","link":"https:\/\/www.granadablogs.com\/juezcalatayud\/2026\/04\/mi-hija-solo-se-acuerda-de-lo-que-le-interesa-normal-los-ninos-son-ninos-pero-no-son-tontos\/","title":{"rendered":"\u00abMi hija solo se acuerda de lo que le interesa\u00bb Normal, los ni\u00f1os son ni\u00f1os, pero no son tontos"},"content":{"rendered":"\n<p>Buenas, soy Emilio Calatayud. No nos creamos m\u00e1s listos que nuestros hijos. Se las saben todas. Esto viene a cuento de lo que me ha dicho una madre (en realidad, lo dicen todas la madres y todos los padres): \u00abMi hija solo se acuerda de lo que le interesa\u00bb. Cierto. Si no les ha dado la paga, te lo recordar\u00e1 mil veces, pero se le olvidar\u00e1 hacerse la cama. Normal, los ni\u00f1os son ni\u00f1os, pero no son tontos. Y los padres no somos ni\u00f1os, pero a veces somos tontos.<\/p>\n","protected":false},"excerpt":{"rendered":"<p>Buenas, soy Emilio Calatayud. No nos creamos m\u00e1s listos que nuestros hijos. Se las saben todas. Esto viene a cuento de lo que me ha dicho una madre (en realidad, lo dicen todas la madres y todos los padres): \u00abMi hija solo se acuerda de lo que le interesa\u00bb. Cierto. Si no les ha dado [&hellip;]<\/p>\n","protected":false},"author":1,"featured_media":19568,"comment_status":"open","ping_status":"open","sticky":false,"template":"","format":"standard","meta":{"jetpack_post_was_ever_published":false,"_jetpack_newsletter_access":"","_jetpack_dont_email_post_to_subs":false,"_jetpack_newsletter_tier_id":0,"_jetpack_memberships_contains_paywalled_content":false,"_jetpack_memberships_contains_paid_content":false,"footnotes":""},"categories":[],"tags":[1,4352,631,4353],"class_list":["post-22319","post","type-post","status-publish","format-standard","has-post-thumbnail","hentry","tag-blog","tag-los-ninos","tag-no","tag-son-tontos"],"jetpack_featured_media_url":"https:\/\/www.granadablogs.com\/juezcalatayud\/wp-content\/uploads\/2024\/05\/Emil-1-1-scaled.jpg","jetpack_shortlink":"https:\/\/wp.me\/p5fzW5-5NZ","jetpack-related-posts":[],"jetpack_sharing_enabled":true,"_links":{"self":[{"href":"https:\/\/www.granadablogs.com\/juezcalatayud\/wp-json\/wp\/v2\/posts\/22319","targetHints":{"allow":["GET"]}}],"collection":[{"href":"https:\/\/www.granadablogs.com\/juezcalatayud\/wp-json\/wp\/v2\/posts"}],"about":[{"href":"https:\/\/www.granadablogs.com\/juezcalatayud\/wp-json\/wp\/v2\/types\/post"}],"author":[{"embeddable":true,"href":"https:\/\/www.granadablogs.com\/juezcalatayud\/wp-json\/wp\/v2\/users\/1"}],"replies":[{"embeddable":true,"href":"https:\/\/www.granadablogs.com\/juezcalatayud\/wp-json\/wp\/v2\/comments?post=22319"}],"version-history":[{"count":3,"href":"https:\/\/www.granadablogs.com\/juezcalatayud\/wp-json\/wp\/v2\/posts\/22319\/revisions"}],"predecessor-version":[{"id":22322,"href":"https:\/\/www.granadablogs.com\/juezcalatayud\/wp-json\/wp\/v2\/posts\/22319\/revisions\/22322"}],"wp:featuredmedia":[{"embeddable":true,"href":"https:\/\/www.granadablogs.com\/juezcalatayud\/wp-json\/wp\/v2\/media\/19568"}],"wp:attachment":[{"href":"https:\/\/www.granadablogs.com\/juezcalatayud\/wp-json\/wp\/v2\/media?parent=22319"}],"wp:term":[{"taxonomy":"category","embeddable":true,"href":"https:\/\/www.granadablogs.com\/juezcalatayud\/wp-json\/wp\/v2\/categories?post=22319"},{"taxonomy":"post_tag","embeddable":true,"href":"https:\/\/www.granadablogs.com\/juezcalatayud\/wp-json\/wp\/v2\/tags?post=22319"}],"curies":[{"name":"wp","href":"https:\/\/api.w.org\/{rel}","templated":true}]}}