{"id":22185,"date":"2026-03-15T21:18:08","date_gmt":"2026-03-15T19:18:08","guid":{"rendered":"https:\/\/www.granadablogs.com\/juezcalatayud\/?p=22185"},"modified":"2026-03-15T21:21:20","modified_gmt":"2026-03-15T19:21:20","slug":"a-quien-quieres-mas-a-papa-o-a-mama-respuesta-de-la-nina-a-tiktok-eso-pasa-por-preguntar","status":"publish","type":"post","link":"https:\/\/www.granadablogs.com\/juezcalatayud\/2026\/03\/a-quien-quieres-mas-a-papa-o-a-mama-respuesta-de-la-nina-a-tiktok-eso-pasa-por-preguntar\/","title":{"rendered":"\u00ab\u00bfA qui\u00e9n quieres m\u00e1s a pap\u00e1 o a mam\u00e1?\u00bb Respuesta de la ni\u00f1a: \u00abA TikTok\u00bb. Eso pasa por preguntar"},"content":{"rendered":"\n<p>Buenas, soy Emilio Calatayud. Hay preguntas que mejor guard\u00e1rselas para uno. Por ejemplo, esta cuesti\u00f3n que en mis tiempos era un cl\u00e1sico: \u00ab\u00bfA qui\u00e9n quieres m\u00e1s a pap\u00e1 o a mam\u00e1?\u00bb Pues me cuenta una amiga que su hija respondi\u00f3 as\u00ed: \u00abA TiKTok\u00bb. Pens\u00e9, eso pasa por preguntar, ja, ja, ja. Por otra parte, la preguntita tiene malafoll\u00e1. No soy partidario de poner a los hijos en ese tipo de aprietos. No hay que meterse en l\u00edos con la crianza.<\/p>\n\n\n\n<p><\/p>\n","protected":false},"excerpt":{"rendered":"<p>Buenas, soy Emilio Calatayud. Hay preguntas que mejor guard\u00e1rselas para uno. Por ejemplo, esta cuesti\u00f3n que en mis tiempos era un cl\u00e1sico: \u00ab\u00bfA qui\u00e9n quieres m\u00e1s a pap\u00e1 o a mam\u00e1?\u00bb Pues me cuenta una amiga que su hija respondi\u00f3 as\u00ed: \u00abA TiKTok\u00bb. Pens\u00e9, eso pasa por preguntar, ja, ja, ja. Por otra parte, la [&hellip;]<\/p>\n","protected":false},"author":1,"featured_media":13866,"comment_status":"open","ping_status":"open","sticky":false,"template":"","format":"standard","meta":{"jetpack_post_was_ever_published":false,"_jetpack_newsletter_access":"","_jetpack_dont_email_post_to_subs":false,"_jetpack_newsletter_tier_id":0,"_jetpack_memberships_contains_paywalled_content":false,"_jetpack_memberships_contains_paid_content":false,"footnotes":""},"categories":[],"tags":[1,90,3764],"class_list":["post-22185","post","type-post","status-publish","format-standard","has-post-thumbnail","hentry","tag-blog","tag-padres","tag-tiktok"],"jetpack_featured_media_url":"https:\/\/www.granadablogs.com\/juezcalatayud\/wp-content\/uploads\/2020\/11\/Emilio.jpg","jetpack_shortlink":"https:\/\/wp.me\/p5fzW5-5LP","jetpack-related-posts":[],"jetpack_sharing_enabled":true,"_links":{"self":[{"href":"https:\/\/www.granadablogs.com\/juezcalatayud\/wp-json\/wp\/v2\/posts\/22185","targetHints":{"allow":["GET"]}}],"collection":[{"href":"https:\/\/www.granadablogs.com\/juezcalatayud\/wp-json\/wp\/v2\/posts"}],"about":[{"href":"https:\/\/www.granadablogs.com\/juezcalatayud\/wp-json\/wp\/v2\/types\/post"}],"author":[{"embeddable":true,"href":"https:\/\/www.granadablogs.com\/juezcalatayud\/wp-json\/wp\/v2\/users\/1"}],"replies":[{"embeddable":true,"href":"https:\/\/www.granadablogs.com\/juezcalatayud\/wp-json\/wp\/v2\/comments?post=22185"}],"version-history":[{"count":5,"href":"https:\/\/www.granadablogs.com\/juezcalatayud\/wp-json\/wp\/v2\/posts\/22185\/revisions"}],"predecessor-version":[{"id":22190,"href":"https:\/\/www.granadablogs.com\/juezcalatayud\/wp-json\/wp\/v2\/posts\/22185\/revisions\/22190"}],"wp:featuredmedia":[{"embeddable":true,"href":"https:\/\/www.granadablogs.com\/juezcalatayud\/wp-json\/wp\/v2\/media\/13866"}],"wp:attachment":[{"href":"https:\/\/www.granadablogs.com\/juezcalatayud\/wp-json\/wp\/v2\/media?parent=22185"}],"wp:term":[{"taxonomy":"category","embeddable":true,"href":"https:\/\/www.granadablogs.com\/juezcalatayud\/wp-json\/wp\/v2\/categories?post=22185"},{"taxonomy":"post_tag","embeddable":true,"href":"https:\/\/www.granadablogs.com\/juezcalatayud\/wp-json\/wp\/v2\/tags?post=22185"}],"curies":[{"name":"wp","href":"https:\/\/api.w.org\/{rel}","templated":true}]}}