{"id":22180,"date":"2026-03-13T21:04:28","date_gmt":"2026-03-13T19:04:28","guid":{"rendered":"https:\/\/www.granadablogs.com\/juezcalatayud\/?p=22180"},"modified":"2026-03-13T21:04:28","modified_gmt":"2026-03-13T19:04:28","slug":"tengo-miedo-a-mi-hijo-y-el-no-tiene-miedo-a-nada-ni-a-nadie","status":"publish","type":"post","link":"https:\/\/www.granadablogs.com\/juezcalatayud\/2026\/03\/tengo-miedo-a-mi-hijo-y-el-no-tiene-miedo-a-nada-ni-a-nadie\/","title":{"rendered":"\u00abTengo miedo a mi hijo y \u00e9l no tiene miedo a nada ni a nadie\u00bb"},"content":{"rendered":"\n<p>Buenas, soy Emilio Calatayud. Aunque no se hable de ella, la violencia de los hijos hacia los padres sigue existiendo. Es un asunto muy complejo, pero hay salidas. La m\u00e1s extrema es acudir a la Fiscal\u00eda de Menores y denunciar al hijo. Pero hay casos en los que no queda otra. Es muy doloroso, pero m\u00e1s doloroso todav\u00eda es tener que vivir escondido de tus hijos. Adem\u00e1s, es que ir\u00e1 a peor. He escuchado a muchos padres y madres decir: \u00abTengo miedo a mi hijo y \u00e9l no tiene miedo a nada ni a nadie\u00bb. Cuando se llega a ese punto, es el momento de que un hijo tambi\u00e9n empiece a sentir temor por la ley. <\/p>\n","protected":false},"excerpt":{"rendered":"<p>Buenas, soy Emilio Calatayud. Aunque no se hable de ella, la violencia de los hijos hacia los padres sigue existiendo. Es un asunto muy complejo, pero hay salidas. La m\u00e1s extrema es acudir a la Fiscal\u00eda de Menores y denunciar al hijo. Pero hay casos en los que no queda otra. Es muy doloroso, pero [&hellip;]<\/p>\n","protected":false},"author":1,"featured_media":18131,"comment_status":"open","ping_status":"open","sticky":false,"template":"","format":"standard","meta":{"jetpack_post_was_ever_published":false,"_jetpack_newsletter_access":"","_jetpack_dont_email_post_to_subs":false,"_jetpack_newsletter_tier_id":0,"_jetpack_memberships_contains_paywalled_content":false,"_jetpack_memberships_contains_paid_content":false,"footnotes":""},"categories":[],"tags":[1447,1,1646,4311],"class_list":["post-22180","post","type-post","status-publish","format-standard","has-post-thumbnail","hentry","tag-a-mi-hijo","tag-blog","tag-miedo","tag-tengo"],"jetpack_featured_media_url":"https:\/\/www.granadablogs.com\/juezcalatayud\/wp-content\/uploads\/2023\/07\/Juez-calatayud-Alfredo-Aguilar.jpg","jetpack_shortlink":"https:\/\/wp.me\/p5fzW5-5LK","jetpack-related-posts":[],"jetpack_sharing_enabled":true,"_links":{"self":[{"href":"https:\/\/www.granadablogs.com\/juezcalatayud\/wp-json\/wp\/v2\/posts\/22180","targetHints":{"allow":["GET"]}}],"collection":[{"href":"https:\/\/www.granadablogs.com\/juezcalatayud\/wp-json\/wp\/v2\/posts"}],"about":[{"href":"https:\/\/www.granadablogs.com\/juezcalatayud\/wp-json\/wp\/v2\/types\/post"}],"author":[{"embeddable":true,"href":"https:\/\/www.granadablogs.com\/juezcalatayud\/wp-json\/wp\/v2\/users\/1"}],"replies":[{"embeddable":true,"href":"https:\/\/www.granadablogs.com\/juezcalatayud\/wp-json\/wp\/v2\/comments?post=22180"}],"version-history":[{"count":1,"href":"https:\/\/www.granadablogs.com\/juezcalatayud\/wp-json\/wp\/v2\/posts\/22180\/revisions"}],"predecessor-version":[{"id":22181,"href":"https:\/\/www.granadablogs.com\/juezcalatayud\/wp-json\/wp\/v2\/posts\/22180\/revisions\/22181"}],"wp:featuredmedia":[{"embeddable":true,"href":"https:\/\/www.granadablogs.com\/juezcalatayud\/wp-json\/wp\/v2\/media\/18131"}],"wp:attachment":[{"href":"https:\/\/www.granadablogs.com\/juezcalatayud\/wp-json\/wp\/v2\/media?parent=22180"}],"wp:term":[{"taxonomy":"category","embeddable":true,"href":"https:\/\/www.granadablogs.com\/juezcalatayud\/wp-json\/wp\/v2\/categories?post=22180"},{"taxonomy":"post_tag","embeddable":true,"href":"https:\/\/www.granadablogs.com\/juezcalatayud\/wp-json\/wp\/v2\/tags?post=22180"}],"curies":[{"name":"wp","href":"https:\/\/api.w.org\/{rel}","templated":true}]}}