{"id":22176,"date":"2026-03-11T21:27:28","date_gmt":"2026-03-11T19:27:28","guid":{"rendered":"https:\/\/www.granadablogs.com\/juezcalatayud\/?p=22176"},"modified":"2026-03-11T21:27:28","modified_gmt":"2026-03-11T19:27:28","slug":"cuando-eramos-ninos-los-hermanos-ibamos-vestidos-igual-porque-lo-decidian-nuestros-padres-ahora-los-chavales-visten-igual-y-se-creen-que-lo-han-decidido-ellos","status":"publish","type":"post","link":"https:\/\/www.granadablogs.com\/juezcalatayud\/2026\/03\/cuando-eramos-ninos-los-hermanos-ibamos-vestidos-igual-porque-lo-decidian-nuestros-padres-ahora-los-chavales-visten-igual-y-se-creen-que-lo-han-decidido-ellos\/","title":{"rendered":"Cuando \u00e9ramos ni\u00f1os los hermanos \u00edbamos vestidos igual porque lo decid\u00edan nuestros padres; ahora los chavales visten igual y se creen que lo han decidido ellos"},"content":{"rendered":"\n<p>Buenas, soy Emilio Calatayud. Cuando los de mi edad o mi quinta \u00e9ramos ni\u00f1os, los hermanos \u00edbamos vestidos igual. Nuestros padres nos compraban a todos los mismas ropas y \u00e9ramos como cromos repetidos. No nos &#8216;traumamos&#8217; por ello. Lo curioso es que ahora todos los chavales tambi\u00e9n visten igual, incluso de pelan igual, pero creen que lo han decidido ellos y no las empresas que hacen caja con ellos. Se creen originales, pero van todos igual.<\/p>\n","protected":false},"excerpt":{"rendered":"<p>Buenas, soy Emilio Calatayud. Cuando los de mi edad o mi quinta \u00e9ramos ni\u00f1os, los hermanos \u00edbamos vestidos igual. Nuestros padres nos compraban a todos los mismas ropas y \u00e9ramos como cromos repetidos. No nos &#8216;traumamos&#8217; por ello. Lo curioso es que ahora todos los chavales tambi\u00e9n visten igual, incluso de pelan igual, pero creen [&hellip;]<\/p>\n","protected":false},"author":1,"featured_media":21384,"comment_status":"open","ping_status":"open","sticky":false,"template":"","format":"standard","meta":{"jetpack_post_was_ever_published":false,"_jetpack_newsletter_access":"","_jetpack_dont_email_post_to_subs":false,"_jetpack_newsletter_tier_id":0,"_jetpack_memberships_contains_paywalled_content":false,"_jetpack_memberships_contains_paid_content":false,"footnotes":""},"categories":[],"tags":[1,3808,3807],"class_list":["post-22176","post","type-post","status-publish","format-standard","has-post-thumbnail","hentry","tag-blog","tag-igual","tag-vestidos"],"jetpack_featured_media_url":"https:\/\/www.granadablogs.com\/juezcalatayud\/wp-content\/uploads\/2025\/07\/emil-cuatro.jpg","jetpack_shortlink":"https:\/\/wp.me\/p5fzW5-5LG","jetpack-related-posts":[],"jetpack_sharing_enabled":true,"_links":{"self":[{"href":"https:\/\/www.granadablogs.com\/juezcalatayud\/wp-json\/wp\/v2\/posts\/22176","targetHints":{"allow":["GET"]}}],"collection":[{"href":"https:\/\/www.granadablogs.com\/juezcalatayud\/wp-json\/wp\/v2\/posts"}],"about":[{"href":"https:\/\/www.granadablogs.com\/juezcalatayud\/wp-json\/wp\/v2\/types\/post"}],"author":[{"embeddable":true,"href":"https:\/\/www.granadablogs.com\/juezcalatayud\/wp-json\/wp\/v2\/users\/1"}],"replies":[{"embeddable":true,"href":"https:\/\/www.granadablogs.com\/juezcalatayud\/wp-json\/wp\/v2\/comments?post=22176"}],"version-history":[{"count":2,"href":"https:\/\/www.granadablogs.com\/juezcalatayud\/wp-json\/wp\/v2\/posts\/22176\/revisions"}],"predecessor-version":[{"id":22178,"href":"https:\/\/www.granadablogs.com\/juezcalatayud\/wp-json\/wp\/v2\/posts\/22176\/revisions\/22178"}],"wp:featuredmedia":[{"embeddable":true,"href":"https:\/\/www.granadablogs.com\/juezcalatayud\/wp-json\/wp\/v2\/media\/21384"}],"wp:attachment":[{"href":"https:\/\/www.granadablogs.com\/juezcalatayud\/wp-json\/wp\/v2\/media?parent=22176"}],"wp:term":[{"taxonomy":"category","embeddable":true,"href":"https:\/\/www.granadablogs.com\/juezcalatayud\/wp-json\/wp\/v2\/categories?post=22176"},{"taxonomy":"post_tag","embeddable":true,"href":"https:\/\/www.granadablogs.com\/juezcalatayud\/wp-json\/wp\/v2\/tags?post=22176"}],"curies":[{"name":"wp","href":"https:\/\/api.w.org\/{rel}","templated":true}]}}