{"id":22166,"date":"2026-03-09T21:01:57","date_gmt":"2026-03-09T19:01:57","guid":{"rendered":"https:\/\/www.granadablogs.com\/juezcalatayud\/?p=22166"},"modified":"2026-03-09T21:01:57","modified_gmt":"2026-03-09T19:01:57","slug":"si-vuestro-hijo-adolescente-os-da-la-razon-en-algo-no-lo-lleveis-al-medico-es-que-ha-empezado-a-madurar","status":"publish","type":"post","link":"https:\/\/www.granadablogs.com\/juezcalatayud\/2026\/03\/si-vuestro-hijo-adolescente-os-da-la-razon-en-algo-no-lo-lleveis-al-medico-es-que-ha-empezado-a-madurar\/","title":{"rendered":"Si vuestro hijo adolescente os da la raz\u00f3n en algo no lo llev\u00e9is al m\u00e9dico, es que ha empezado a madurar"},"content":{"rendered":"\n<p>Buenas, soy Emilio Calatayud. Los chavales adolescentes nunca dan la raz\u00f3n a sus padres en nada. Es normal. Tienen que construirse su identidad y todo eso que dicen los expertos. Y lo hacen a la contra. Pero puede llegar un d\u00eda en el que, \u00a1sorpresa!, os den la raz\u00f3n en algo. No hay que asustarte ni preocuparse. No lo llev\u00e9is al m\u00e9dico o a las urgencias, ja, ja, ja. Que os d\u00e9 la raz\u00f3n es que ha empezado a madurar. Una gran noticia.<\/p>\n","protected":false},"excerpt":{"rendered":"<p>Buenas, soy Emilio Calatayud. Los chavales adolescentes nunca dan la raz\u00f3n a sus padres en nada. Es normal. Tienen que construirse su identidad y todo eso que dicen los expertos. Y lo hacen a la contra. Pero puede llegar un d\u00eda en el que, \u00a1sorpresa!, os den la raz\u00f3n en algo. No hay que asustarte [&hellip;]<\/p>\n","protected":false},"author":1,"featured_media":13905,"comment_status":"open","ping_status":"open","sticky":false,"template":"","format":"standard","meta":{"jetpack_post_was_ever_published":false,"_jetpack_newsletter_access":"","_jetpack_dont_email_post_to_subs":false,"_jetpack_newsletter_tier_id":0,"_jetpack_memberships_contains_paywalled_content":false,"_jetpack_memberships_contains_paid_content":false,"footnotes":""},"categories":[],"tags":[976,1,399],"class_list":["post-22166","post","type-post","status-publish","format-standard","has-post-thumbnail","hentry","tag-adolescente","tag-blog","tag-hijo"],"jetpack_featured_media_url":"https:\/\/www.granadablogs.com\/juezcalatayud\/wp-content\/uploads\/2020\/11\/Parque-emilio.jpg","jetpack_shortlink":"https:\/\/wp.me\/p5fzW5-5Lw","jetpack-related-posts":[],"jetpack_sharing_enabled":true,"_links":{"self":[{"href":"https:\/\/www.granadablogs.com\/juezcalatayud\/wp-json\/wp\/v2\/posts\/22166","targetHints":{"allow":["GET"]}}],"collection":[{"href":"https:\/\/www.granadablogs.com\/juezcalatayud\/wp-json\/wp\/v2\/posts"}],"about":[{"href":"https:\/\/www.granadablogs.com\/juezcalatayud\/wp-json\/wp\/v2\/types\/post"}],"author":[{"embeddable":true,"href":"https:\/\/www.granadablogs.com\/juezcalatayud\/wp-json\/wp\/v2\/users\/1"}],"replies":[{"embeddable":true,"href":"https:\/\/www.granadablogs.com\/juezcalatayud\/wp-json\/wp\/v2\/comments?post=22166"}],"version-history":[{"count":2,"href":"https:\/\/www.granadablogs.com\/juezcalatayud\/wp-json\/wp\/v2\/posts\/22166\/revisions"}],"predecessor-version":[{"id":22168,"href":"https:\/\/www.granadablogs.com\/juezcalatayud\/wp-json\/wp\/v2\/posts\/22166\/revisions\/22168"}],"wp:featuredmedia":[{"embeddable":true,"href":"https:\/\/www.granadablogs.com\/juezcalatayud\/wp-json\/wp\/v2\/media\/13905"}],"wp:attachment":[{"href":"https:\/\/www.granadablogs.com\/juezcalatayud\/wp-json\/wp\/v2\/media?parent=22166"}],"wp:term":[{"taxonomy":"category","embeddable":true,"href":"https:\/\/www.granadablogs.com\/juezcalatayud\/wp-json\/wp\/v2\/categories?post=22166"},{"taxonomy":"post_tag","embeddable":true,"href":"https:\/\/www.granadablogs.com\/juezcalatayud\/wp-json\/wp\/v2\/tags?post=22166"}],"curies":[{"name":"wp","href":"https:\/\/api.w.org\/{rel}","templated":true}]}}