{"id":2206,"date":"2012-12-14T22:03:11","date_gmt":"2012-12-14T21:03:11","guid":{"rendered":"http:\/\/www.granadablogs.com\/juezcalatayud\/?p=2206"},"modified":"2012-12-14T22:03:11","modified_gmt":"2012-12-14T21:03:11","slug":"ya-es-navidad-en-los-juzgados-de-menores-de-granada","status":"publish","type":"post","link":"https:\/\/www.granadablogs.com\/juezcalatayud\/2012\/12\/ya-es-navidad-en-los-juzgados-de-menores-de-granada\/","title":{"rendered":"Ya es Navidad en los juzgados de Menores de Granada"},"content":{"rendered":"<p>Buenas, soy Emilio Calatayud. Ayer, con todo el l\u00edo de la Escuela de Padres me olvid\u00e9 de contaros que ya es Navidad en los dos juzgados de Menores de Granada. Como cada a\u00f1o por estas fechas, recibimos la visita de un coro de chicos y chicas que est\u00e1n cumpliendo alguna medida de internamiento en el centro Tierras de Oria. Ya es una tradici\u00f3n. Los chavales, entre los que hay mulsmanes, cristianos y supongo que ateos, cantan varios villancicos ante el personal de los juzgados y nos alegraron el d\u00eda, para qu\u00e9 vamos a decir otra cosa. Adem\u00e1s, hicieron un teatrillo en el que imitaban a los funcionarios, a los fiscales y a los jueces. Tuvo gracia, la verdad. Luego se fueron a ofrecer el espect\u00e1culo a otros juzgados de Menores de Andaluc\u00eda. Los &#8216;chicos del coro&#8217; estaban de gira. Feliz Navidad.<\/p>\n","protected":false},"excerpt":{"rendered":"<p>Buenas, soy Emilio Calatayud. Ayer, con todo el l\u00edo de la Escuela de Padres me olvid\u00e9 de contaros que ya es Navidad en los dos juzgados de Menores de Granada. Como cada a\u00f1o por estas fechas, recibimos la visita de un coro de chicos y chicas que est\u00e1n cumpliendo alguna medida de internamiento en el [&hellip;]<\/p>\n","protected":false},"author":2,"featured_media":0,"comment_status":"open","ping_status":"open","sticky":false,"template":"","format":"standard","meta":{"jetpack_post_was_ever_published":false,"_jetpack_newsletter_access":"","_jetpack_dont_email_post_to_subs":false,"_jetpack_newsletter_tier_id":0,"_jetpack_memberships_contains_paywalled_content":false,"_jetpack_memberships_contains_paid_content":false,"footnotes":""},"categories":[1],"tags":[534,535,533],"class_list":["post-2206","post","type-post","status-publish","format-standard","hentry","category-blog","tag-coro","tag-oria","tag-villancios"],"jetpack_featured_media_url":"","jetpack_shortlink":"https:\/\/wp.me\/p5fzW5-zA","jetpack-related-posts":[],"jetpack_sharing_enabled":true,"_links":{"self":[{"href":"https:\/\/www.granadablogs.com\/juezcalatayud\/wp-json\/wp\/v2\/posts\/2206","targetHints":{"allow":["GET"]}}],"collection":[{"href":"https:\/\/www.granadablogs.com\/juezcalatayud\/wp-json\/wp\/v2\/posts"}],"about":[{"href":"https:\/\/www.granadablogs.com\/juezcalatayud\/wp-json\/wp\/v2\/types\/post"}],"author":[{"embeddable":true,"href":"https:\/\/www.granadablogs.com\/juezcalatayud\/wp-json\/wp\/v2\/users\/2"}],"replies":[{"embeddable":true,"href":"https:\/\/www.granadablogs.com\/juezcalatayud\/wp-json\/wp\/v2\/comments?post=2206"}],"version-history":[{"count":2,"href":"https:\/\/www.granadablogs.com\/juezcalatayud\/wp-json\/wp\/v2\/posts\/2206\/revisions"}],"predecessor-version":[{"id":2208,"href":"https:\/\/www.granadablogs.com\/juezcalatayud\/wp-json\/wp\/v2\/posts\/2206\/revisions\/2208"}],"wp:attachment":[{"href":"https:\/\/www.granadablogs.com\/juezcalatayud\/wp-json\/wp\/v2\/media?parent=2206"}],"wp:term":[{"taxonomy":"category","embeddable":true,"href":"https:\/\/www.granadablogs.com\/juezcalatayud\/wp-json\/wp\/v2\/categories?post=2206"},{"taxonomy":"post_tag","embeddable":true,"href":"https:\/\/www.granadablogs.com\/juezcalatayud\/wp-json\/wp\/v2\/tags?post=2206"}],"curies":[{"name":"wp","href":"https:\/\/api.w.org\/{rel}","templated":true}]}}