{"id":22047,"date":"2026-01-27T21:01:21","date_gmt":"2026-01-27T19:01:21","guid":{"rendered":"https:\/\/www.granadablogs.com\/juezcalatayud\/?p=22047"},"modified":"2026-01-27T21:01:21","modified_gmt":"2026-01-27T19:01:21","slug":"pregunta-a-su-hijo-de-donde-vienes-a-estas-horas-y-el-chaval-dice-que-eso-pertenece-a-su-privacidad-respuesta-de-la-madre-tu-privacidad-la-pago-yo","status":"publish","type":"post","link":"https:\/\/www.granadablogs.com\/juezcalatayud\/2026\/01\/pregunta-a-su-hijo-de-donde-vienes-a-estas-horas-y-el-chaval-dice-que-eso-pertenece-a-su-privacidad-respuesta-de-la-madre-tu-privacidad-la-pago-yo\/","title":{"rendered":"Pregunta a su hijo: \u00ab\u00bfDe d\u00f3nde vienes a estas horas?\u00bb y el chaval dice que eso pertenece a su privacidad. Respuesta de la madre: \u00abTu privacidad la pago yo\u00bb"},"content":{"rendered":"\n<p>Buenas, soy Emilio Calatayud. Os cuento. Una madre le pregunta a su hijo: \u00abDe d\u00f3nde vienes a estas horas?\u00bb y el chaval contesta que eso pertenece a su privacidad. Respuesta de la madre: \u00abTu privacidad la pago yo\u00bb.  As\u00ed se educa. Esto es lo que hay y si no quieres, aire, pero fuera hace mucho fr\u00edo, ni\u00f1os.  <\/p>\n","protected":false},"excerpt":{"rendered":"<p>Buenas, soy Emilio Calatayud. Os cuento. Una madre le pregunta a su hijo: \u00abDe d\u00f3nde vienes a estas horas?\u00bb y el chaval contesta que eso pertenece a su privacidad. Respuesta de la madre: \u00abTu privacidad la pago yo\u00bb. As\u00ed se educa. Esto es lo que hay y si no quieres, aire, pero fuera hace mucho [&hellip;]<\/p>\n","protected":false},"author":1,"featured_media":18975,"comment_status":"open","ping_status":"open","sticky":false,"template":"","format":"standard","meta":{"jetpack_post_was_ever_published":false,"_jetpack_newsletter_access":"","_jetpack_dont_email_post_to_subs":false,"_jetpack_newsletter_tier_id":0,"_jetpack_memberships_contains_paywalled_content":false,"_jetpack_memberships_contains_paid_content":false,"footnotes":""},"categories":[],"tags":[1,399,143],"class_list":["post-22047","post","type-post","status-publish","format-standard","has-post-thumbnail","hentry","tag-blog","tag-hijo","tag-privacidad"],"jetpack_featured_media_url":"https:\/\/www.granadablogs.com\/juezcalatayud\/wp-content\/uploads\/2024\/01\/Emilio-scaled.jpg","jetpack_shortlink":"https:\/\/wp.me\/p5fzW5-5JB","jetpack-related-posts":[],"jetpack_sharing_enabled":true,"_links":{"self":[{"href":"https:\/\/www.granadablogs.com\/juezcalatayud\/wp-json\/wp\/v2\/posts\/22047","targetHints":{"allow":["GET"]}}],"collection":[{"href":"https:\/\/www.granadablogs.com\/juezcalatayud\/wp-json\/wp\/v2\/posts"}],"about":[{"href":"https:\/\/www.granadablogs.com\/juezcalatayud\/wp-json\/wp\/v2\/types\/post"}],"author":[{"embeddable":true,"href":"https:\/\/www.granadablogs.com\/juezcalatayud\/wp-json\/wp\/v2\/users\/1"}],"replies":[{"embeddable":true,"href":"https:\/\/www.granadablogs.com\/juezcalatayud\/wp-json\/wp\/v2\/comments?post=22047"}],"version-history":[{"count":2,"href":"https:\/\/www.granadablogs.com\/juezcalatayud\/wp-json\/wp\/v2\/posts\/22047\/revisions"}],"predecessor-version":[{"id":22049,"href":"https:\/\/www.granadablogs.com\/juezcalatayud\/wp-json\/wp\/v2\/posts\/22047\/revisions\/22049"}],"wp:featuredmedia":[{"embeddable":true,"href":"https:\/\/www.granadablogs.com\/juezcalatayud\/wp-json\/wp\/v2\/media\/18975"}],"wp:attachment":[{"href":"https:\/\/www.granadablogs.com\/juezcalatayud\/wp-json\/wp\/v2\/media?parent=22047"}],"wp:term":[{"taxonomy":"category","embeddable":true,"href":"https:\/\/www.granadablogs.com\/juezcalatayud\/wp-json\/wp\/v2\/categories?post=22047"},{"taxonomy":"post_tag","embeddable":true,"href":"https:\/\/www.granadablogs.com\/juezcalatayud\/wp-json\/wp\/v2\/tags?post=22047"}],"curies":[{"name":"wp","href":"https:\/\/api.w.org\/{rel}","templated":true}]}}