{"id":22039,"date":"2026-01-25T21:06:12","date_gmt":"2026-01-25T19:06:12","guid":{"rendered":"https:\/\/www.granadablogs.com\/juezcalatayud\/?p=22039"},"modified":"2026-01-25T21:06:12","modified_gmt":"2026-01-25T19:06:12","slug":"en-grana-disfrutando-de-un-invierno-como-los-de-antes-lluvia-frio-nieve-papas-a-lo-pobre-y-quemando-pellets","status":"publish","type":"post","link":"https:\/\/www.granadablogs.com\/juezcalatayud\/2026\/01\/en-grana-disfrutando-de-un-invierno-como-los-de-antes-lluvia-frio-nieve-papas-a-lo-pobre-y-quemando-pellets\/","title":{"rendered":"En Gran\u00e1, disfrutando de un invierno como  los de antes: lluvia, fr\u00edo, nieve, papas a lo pobre y quemando pellets"},"content":{"rendered":"\n<p>Buenas, soy Emilio Calatayud. En Gran\u00e1 estamos disfrutando de un invierno como los de antes: lluvia, fr\u00edo, nieve y la estufa quemando pellets a todas horas. Ya se nos hab\u00eda olvidado c\u00f3mo eran los inviernos grana\u00ednos, con su nevazos y sus temperaturas bajo cero&#8230;. y sus papas a lo pobre, ja, ja, ja.  <\/p>\n","protected":false},"excerpt":{"rendered":"<p>Buenas, soy Emilio Calatayud. En Gran\u00e1 estamos disfrutando de un invierno como los de antes: lluvia, fr\u00edo, nieve y la estufa quemando pellets a todas horas. Ya se nos hab\u00eda olvidado c\u00f3mo eran los inviernos grana\u00ednos, con su nevazos y sus temperaturas bajo cero&#8230;. y sus papas a lo pobre, ja, ja, ja.<\/p>\n","protected":false},"author":1,"featured_media":13905,"comment_status":"open","ping_status":"open","sticky":false,"template":"","format":"standard","meta":{"jetpack_post_was_ever_published":false,"_jetpack_newsletter_access":"","_jetpack_dont_email_post_to_subs":false,"_jetpack_newsletter_tier_id":0,"_jetpack_memberships_contains_paywalled_content":false,"_jetpack_memberships_contains_paid_content":false,"footnotes":""},"categories":[],"tags":[4266,1,1582,635,4265,2003],"class_list":["post-22039","post","type-post","status-publish","format-standard","has-post-thumbnail","hentry","tag-antes","tag-blog","tag-como","tag-de","tag-invierno","tag-los"],"jetpack_featured_media_url":"https:\/\/www.granadablogs.com\/juezcalatayud\/wp-content\/uploads\/2020\/11\/Parque-emilio.jpg","jetpack_shortlink":"https:\/\/wp.me\/p5fzW5-5Jt","jetpack-related-posts":[],"jetpack_sharing_enabled":true,"_links":{"self":[{"href":"https:\/\/www.granadablogs.com\/juezcalatayud\/wp-json\/wp\/v2\/posts\/22039","targetHints":{"allow":["GET"]}}],"collection":[{"href":"https:\/\/www.granadablogs.com\/juezcalatayud\/wp-json\/wp\/v2\/posts"}],"about":[{"href":"https:\/\/www.granadablogs.com\/juezcalatayud\/wp-json\/wp\/v2\/types\/post"}],"author":[{"embeddable":true,"href":"https:\/\/www.granadablogs.com\/juezcalatayud\/wp-json\/wp\/v2\/users\/1"}],"replies":[{"embeddable":true,"href":"https:\/\/www.granadablogs.com\/juezcalatayud\/wp-json\/wp\/v2\/comments?post=22039"}],"version-history":[{"count":3,"href":"https:\/\/www.granadablogs.com\/juezcalatayud\/wp-json\/wp\/v2\/posts\/22039\/revisions"}],"predecessor-version":[{"id":22043,"href":"https:\/\/www.granadablogs.com\/juezcalatayud\/wp-json\/wp\/v2\/posts\/22039\/revisions\/22043"}],"wp:featuredmedia":[{"embeddable":true,"href":"https:\/\/www.granadablogs.com\/juezcalatayud\/wp-json\/wp\/v2\/media\/13905"}],"wp:attachment":[{"href":"https:\/\/www.granadablogs.com\/juezcalatayud\/wp-json\/wp\/v2\/media?parent=22039"}],"wp:term":[{"taxonomy":"category","embeddable":true,"href":"https:\/\/www.granadablogs.com\/juezcalatayud\/wp-json\/wp\/v2\/categories?post=22039"},{"taxonomy":"post_tag","embeddable":true,"href":"https:\/\/www.granadablogs.com\/juezcalatayud\/wp-json\/wp\/v2\/tags?post=22039"}],"curies":[{"name":"wp","href":"https:\/\/api.w.org\/{rel}","templated":true}]}}