{"id":22033,"date":"2026-01-23T21:18:08","date_gmt":"2026-01-23T19:18:08","guid":{"rendered":"https:\/\/www.granadablogs.com\/juezcalatayud\/?p=22033"},"modified":"2026-01-24T01:16:31","modified_gmt":"2026-01-23T23:16:31","slug":"se-llama-liam-tiene-cinco-anos-y-lo-han-detenido-los-agentes-de-migracion-de-estados-unidos-es-dificil-caer-mas-bajo","status":"publish","type":"post","link":"https:\/\/www.granadablogs.com\/juezcalatayud\/2026\/01\/se-llama-liam-tiene-cinco-anos-y-lo-han-detenido-los-agentes-de-migracion-de-estados-unidos-es-dificil-caer-mas-bajo\/","title":{"rendered":"Se llama Liam, tiene cinco a\u00f1os y lo han detenido los agentes de migraci\u00f3n de Estados Unidos; es dif\u00edcil caer m\u00e1s bajo"},"content":{"rendered":"\n<p>Buenas, soy Emilio Calatayud. Se llama Liam, tiene solo cinco a\u00f1os y lo han detenido los agentes de migraci\u00f3n de Estados; es dif\u00edcil caer m\u00e1s bajo, pero se puede. Espero que regrese la sensatez y no haya m\u00e1s episodios de este tipo. Pienso en mis nietos y me pongo en la piel de la familia de Liam.<\/p>\n","protected":false},"excerpt":{"rendered":"<p>Buenas, soy Emilio Calatayud. Se llama Liam, tiene solo cinco a\u00f1os y lo han detenido los agentes de migraci\u00f3n de Estados; es dif\u00edcil caer m\u00e1s bajo, pero se puede. Espero que regrese la sensatez y no haya m\u00e1s episodios de este tipo. Pienso en mis nietos y me pongo en la piel de la familia [&hellip;]<\/p>\n","protected":false},"author":1,"featured_media":21384,"comment_status":"open","ping_status":"open","sticky":false,"template":"","format":"standard","meta":{"jetpack_post_was_ever_published":false,"_jetpack_newsletter_access":"","_jetpack_dont_email_post_to_subs":false,"_jetpack_newsletter_tier_id":0,"_jetpack_memberships_contains_paywalled_content":false,"_jetpack_memberships_contains_paid_content":false,"footnotes":""},"categories":[],"tags":[1,4264,4263,207],"class_list":["post-22033","post","type-post","status-publish","format-standard","has-post-thumbnail","hentry","tag-blog","tag-detenido","tag-liam","tag-nino"],"jetpack_featured_media_url":"https:\/\/www.granadablogs.com\/juezcalatayud\/wp-content\/uploads\/2025\/07\/emil-cuatro.jpg","jetpack_shortlink":"https:\/\/wp.me\/p5fzW5-5Jn","jetpack-related-posts":[],"jetpack_sharing_enabled":true,"_links":{"self":[{"href":"https:\/\/www.granadablogs.com\/juezcalatayud\/wp-json\/wp\/v2\/posts\/22033","targetHints":{"allow":["GET"]}}],"collection":[{"href":"https:\/\/www.granadablogs.com\/juezcalatayud\/wp-json\/wp\/v2\/posts"}],"about":[{"href":"https:\/\/www.granadablogs.com\/juezcalatayud\/wp-json\/wp\/v2\/types\/post"}],"author":[{"embeddable":true,"href":"https:\/\/www.granadablogs.com\/juezcalatayud\/wp-json\/wp\/v2\/users\/1"}],"replies":[{"embeddable":true,"href":"https:\/\/www.granadablogs.com\/juezcalatayud\/wp-json\/wp\/v2\/comments?post=22033"}],"version-history":[{"count":2,"href":"https:\/\/www.granadablogs.com\/juezcalatayud\/wp-json\/wp\/v2\/posts\/22033\/revisions"}],"predecessor-version":[{"id":22035,"href":"https:\/\/www.granadablogs.com\/juezcalatayud\/wp-json\/wp\/v2\/posts\/22033\/revisions\/22035"}],"wp:featuredmedia":[{"embeddable":true,"href":"https:\/\/www.granadablogs.com\/juezcalatayud\/wp-json\/wp\/v2\/media\/21384"}],"wp:attachment":[{"href":"https:\/\/www.granadablogs.com\/juezcalatayud\/wp-json\/wp\/v2\/media?parent=22033"}],"wp:term":[{"taxonomy":"category","embeddable":true,"href":"https:\/\/www.granadablogs.com\/juezcalatayud\/wp-json\/wp\/v2\/categories?post=22033"},{"taxonomy":"post_tag","embeddable":true,"href":"https:\/\/www.granadablogs.com\/juezcalatayud\/wp-json\/wp\/v2\/tags?post=22033"}],"curies":[{"name":"wp","href":"https:\/\/api.w.org\/{rel}","templated":true}]}}