{"id":22028,"date":"2026-01-22T21:15:40","date_gmt":"2026-01-22T19:15:40","guid":{"rendered":"https:\/\/www.granadablogs.com\/juezcalatayud\/?p=22028"},"modified":"2026-01-22T22:05:17","modified_gmt":"2026-01-22T20:05:17","slug":"la-buena-educacion-salva-vidas-ahi-teneis-el-ejemplo-de-julio-y-jose-los-dos-adolescentes-que-ayudaron-a-las-victimas-de-adamuz","status":"publish","type":"post","link":"https:\/\/www.granadablogs.com\/juezcalatayud\/2026\/01\/la-buena-educacion-salva-vidas-ahi-teneis-el-ejemplo-de-julio-y-jose-los-dos-adolescentes-que-ayudaron-a-las-victimas-de-adamuz\/","title":{"rendered":"La buena educaci\u00f3n salva vidas, ah\u00ed ten\u00e9is el ejemplo de Julio y Jos\u00e9, los dos adolescentes que ayudaron a las v\u00edctimas de Adamuz"},"content":{"rendered":"\n<p>Buenas, soy Emilio Calatayud. La buena educaci\u00f3n es la base para modelar buenas personas. Ah\u00ed ten\u00e9is el ejemplo de Julio y Jos\u00e9, los dos adolescentes, pr\u00e1cticamente unos ni\u00f1os, que no dudaron en ponerse a ayudar a las v\u00edctimas del choque de trenes de Adamuz. La buena educaci\u00f3n salva vidas. Enhorabuena a sus padres por haberlos educado tan bien.Todos deber\u00edamos tomar nota.<\/p>\n","protected":false},"excerpt":{"rendered":"<p>Buenas, soy Emilio Calatayud. La buena educaci\u00f3n es la base para modelar buenas personas. Ah\u00ed ten\u00e9is el ejemplo de Julio y Jos\u00e9, los dos adolescentes, pr\u00e1cticamente unos ni\u00f1os, que no dudaron en ponerse a ayudar a las v\u00edctimas del choque de trenes de Adamuz. La buena educaci\u00f3n salva vidas. Enhorabuena a sus padres por haberlos [&hellip;]<\/p>\n","protected":false},"author":1,"featured_media":21852,"comment_status":"open","ping_status":"open","sticky":false,"template":"","format":"standard","meta":{"jetpack_post_was_ever_published":false,"_jetpack_newsletter_access":"","_jetpack_dont_email_post_to_subs":false,"_jetpack_newsletter_tier_id":0,"_jetpack_memberships_contains_paywalled_content":false,"_jetpack_memberships_contains_paid_content":false,"footnotes":""},"categories":[],"tags":[4262,1,703],"class_list":["post-22028","post","type-post","status-publish","format-standard","has-post-thumbnail","hentry","tag-adamuz","tag-blog","tag-tragedia"],"jetpack_featured_media_url":"https:\/\/www.granadablogs.com\/juezcalatayud\/wp-content\/uploads\/2025\/12\/EMI.jpg","jetpack_shortlink":"https:\/\/wp.me\/p5fzW5-5Ji","jetpack-related-posts":[],"jetpack_sharing_enabled":true,"_links":{"self":[{"href":"https:\/\/www.granadablogs.com\/juezcalatayud\/wp-json\/wp\/v2\/posts\/22028","targetHints":{"allow":["GET"]}}],"collection":[{"href":"https:\/\/www.granadablogs.com\/juezcalatayud\/wp-json\/wp\/v2\/posts"}],"about":[{"href":"https:\/\/www.granadablogs.com\/juezcalatayud\/wp-json\/wp\/v2\/types\/post"}],"author":[{"embeddable":true,"href":"https:\/\/www.granadablogs.com\/juezcalatayud\/wp-json\/wp\/v2\/users\/1"}],"replies":[{"embeddable":true,"href":"https:\/\/www.granadablogs.com\/juezcalatayud\/wp-json\/wp\/v2\/comments?post=22028"}],"version-history":[{"count":3,"href":"https:\/\/www.granadablogs.com\/juezcalatayud\/wp-json\/wp\/v2\/posts\/22028\/revisions"}],"predecessor-version":[{"id":22032,"href":"https:\/\/www.granadablogs.com\/juezcalatayud\/wp-json\/wp\/v2\/posts\/22028\/revisions\/22032"}],"wp:featuredmedia":[{"embeddable":true,"href":"https:\/\/www.granadablogs.com\/juezcalatayud\/wp-json\/wp\/v2\/media\/21852"}],"wp:attachment":[{"href":"https:\/\/www.granadablogs.com\/juezcalatayud\/wp-json\/wp\/v2\/media?parent=22028"}],"wp:term":[{"taxonomy":"category","embeddable":true,"href":"https:\/\/www.granadablogs.com\/juezcalatayud\/wp-json\/wp\/v2\/categories?post=22028"},{"taxonomy":"post_tag","embeddable":true,"href":"https:\/\/www.granadablogs.com\/juezcalatayud\/wp-json\/wp\/v2\/tags?post=22028"}],"curies":[{"name":"wp","href":"https:\/\/api.w.org\/{rel}","templated":true}]}}