{"id":22026,"date":"2026-01-21T21:10:39","date_gmt":"2026-01-21T19:10:39","guid":{"rendered":"https:\/\/www.granadablogs.com\/juezcalatayud\/?p=22026"},"modified":"2026-01-21T21:10:39","modified_gmt":"2026-01-21T19:10:39","slug":"al-conocer-la-historia-de-la-pequena-que-se-salvo-en-el-accidente-de-adamuz-pense-que-los-ninos-tienen-angel-de-la-guarda-y-obreros-de-la-gloria","status":"publish","type":"post","link":"https:\/\/www.granadablogs.com\/juezcalatayud\/2026\/01\/al-conocer-la-historia-de-la-pequena-que-se-salvo-en-el-accidente-de-adamuz-pense-que-los-ninos-tienen-angel-de-la-guarda-y-obreros-de-la-gloria\/","title":{"rendered":"Al conocer la historia de la peque\u00f1a que se salv\u00f3 en el accidente de Adamuz, pens\u00e9 que los ni\u00f1os tienen \u00e1ngel de la guarda y obreros de la gloria"},"content":{"rendered":"\n<p>Buenas, soy Emilio Calatayud. Al conocer la historia de la peque\u00f1a de seis a\u00f1os que se salv\u00f3 en el accidente de Adamuz, pens\u00e9 que los ni\u00f1os tienen \u00e1ngel de la guarda y obreros de la gloria. Nuestros mejores deseos para ella y el resto de los supervivientes.  <\/p>\n","protected":false},"excerpt":{"rendered":"<p>Buenas, soy Emilio Calatayud. Al conocer la historia de la peque\u00f1a de seis a\u00f1os que se salv\u00f3 en el accidente de Adamuz, pens\u00e9 que los ni\u00f1os tienen \u00e1ngel de la guarda y obreros de la gloria. Nuestros mejores deseos para ella y el resto de los supervivientes.<\/p>\n","protected":false},"author":1,"featured_media":18131,"comment_status":"open","ping_status":"open","sticky":false,"template":"","format":"standard","meta":{"jetpack_post_was_ever_published":false,"_jetpack_newsletter_access":"","_jetpack_dont_email_post_to_subs":false,"_jetpack_newsletter_tier_id":0,"_jetpack_memberships_contains_paywalled_content":false,"_jetpack_memberships_contains_paid_content":false,"footnotes":""},"categories":[],"tags":[4262,1,703],"class_list":["post-22026","post","type-post","status-publish","format-standard","has-post-thumbnail","hentry","tag-adamuz","tag-blog","tag-tragedia"],"jetpack_featured_media_url":"https:\/\/www.granadablogs.com\/juezcalatayud\/wp-content\/uploads\/2023\/07\/Juez-calatayud-Alfredo-Aguilar.jpg","jetpack_shortlink":"https:\/\/wp.me\/p5fzW5-5Jg","jetpack-related-posts":[],"jetpack_sharing_enabled":true,"_links":{"self":[{"href":"https:\/\/www.granadablogs.com\/juezcalatayud\/wp-json\/wp\/v2\/posts\/22026","targetHints":{"allow":["GET"]}}],"collection":[{"href":"https:\/\/www.granadablogs.com\/juezcalatayud\/wp-json\/wp\/v2\/posts"}],"about":[{"href":"https:\/\/www.granadablogs.com\/juezcalatayud\/wp-json\/wp\/v2\/types\/post"}],"author":[{"embeddable":true,"href":"https:\/\/www.granadablogs.com\/juezcalatayud\/wp-json\/wp\/v2\/users\/1"}],"replies":[{"embeddable":true,"href":"https:\/\/www.granadablogs.com\/juezcalatayud\/wp-json\/wp\/v2\/comments?post=22026"}],"version-history":[{"count":1,"href":"https:\/\/www.granadablogs.com\/juezcalatayud\/wp-json\/wp\/v2\/posts\/22026\/revisions"}],"predecessor-version":[{"id":22027,"href":"https:\/\/www.granadablogs.com\/juezcalatayud\/wp-json\/wp\/v2\/posts\/22026\/revisions\/22027"}],"wp:featuredmedia":[{"embeddable":true,"href":"https:\/\/www.granadablogs.com\/juezcalatayud\/wp-json\/wp\/v2\/media\/18131"}],"wp:attachment":[{"href":"https:\/\/www.granadablogs.com\/juezcalatayud\/wp-json\/wp\/v2\/media?parent=22026"}],"wp:term":[{"taxonomy":"category","embeddable":true,"href":"https:\/\/www.granadablogs.com\/juezcalatayud\/wp-json\/wp\/v2\/categories?post=22026"},{"taxonomy":"post_tag","embeddable":true,"href":"https:\/\/www.granadablogs.com\/juezcalatayud\/wp-json\/wp\/v2\/tags?post=22026"}],"curies":[{"name":"wp","href":"https:\/\/api.w.org\/{rel}","templated":true}]}}