{"id":21897,"date":"2025-12-14T20:58:42","date_gmt":"2025-12-14T18:58:42","guid":{"rendered":"https:\/\/www.granadablogs.com\/juezcalatayud\/?p=21897"},"modified":"2025-12-14T20:58:42","modified_gmt":"2025-12-14T18:58:42","slug":"los-de-mi-edad-somos-de-la-generacion-l-de-lentejas-porque-si-no-las-tomabas-para-comer-te-las-cenabas-o-te-las-desayunabas","status":"publish","type":"post","link":"https:\/\/www.granadablogs.com\/juezcalatayud\/2025\/12\/los-de-mi-edad-somos-de-la-generacion-l-de-lentejas-porque-si-no-las-tomabas-para-comer-te-las-cenabas-o-te-las-desayunabas\/","title":{"rendered":"Los de mi edad somos de la generaci\u00f3n L (de lentejas), porque si no las tomabas para comer, te las cenabas o te las desayunabas"},"content":{"rendered":"\n<p>Buenas, soy Emilio Calatayud. Dicen que los de mi edad somos boomers, pero yo me identifico m\u00e1s con la generaci\u00f3n L (de lentejas), porque si no las tomabas para comer, te las pon\u00edan para cenar o desayunar. Y desayunar lentejas te daba superpoderes, ja, ja, ja. Imprim\u00eda car\u00e1cter. <\/p>\n","protected":false},"excerpt":{"rendered":"<p>Buenas, soy Emilio Calatayud. Dicen que los de mi edad somos boomers, pero yo me identifico m\u00e1s con la generaci\u00f3n L (de lentejas), porque si no las tomabas para comer, te las pon\u00edan para cenar o desayunar. Y desayunar lentejas te daba superpoderes, ja, ja, ja. Imprim\u00eda car\u00e1cter.<\/p>\n","protected":false},"author":1,"featured_media":11838,"comment_status":"open","ping_status":"open","sticky":false,"template":"","format":"standard","meta":{"jetpack_post_was_ever_published":false,"_jetpack_newsletter_access":"","_jetpack_dont_email_post_to_subs":false,"_jetpack_newsletter_tier_id":0,"_jetpack_memberships_contains_paywalled_content":false,"_jetpack_memberships_contains_paid_content":false,"footnotes":""},"categories":[],"tags":[1,4234,3962],"class_list":["post-21897","post","type-post","status-publish","format-standard","has-post-thumbnail","hentry","tag-blog","tag-desayuno","tag-lentejas"],"jetpack_featured_media_url":"https:\/\/www.granadablogs.com\/juezcalatayud\/wp-content\/uploads\/2019\/12\/Nuevo-emi.jpg","jetpack_shortlink":"https:\/\/wp.me\/p5fzW5-5Hb","jetpack-related-posts":[],"jetpack_sharing_enabled":true,"_links":{"self":[{"href":"https:\/\/www.granadablogs.com\/juezcalatayud\/wp-json\/wp\/v2\/posts\/21897","targetHints":{"allow":["GET"]}}],"collection":[{"href":"https:\/\/www.granadablogs.com\/juezcalatayud\/wp-json\/wp\/v2\/posts"}],"about":[{"href":"https:\/\/www.granadablogs.com\/juezcalatayud\/wp-json\/wp\/v2\/types\/post"}],"author":[{"embeddable":true,"href":"https:\/\/www.granadablogs.com\/juezcalatayud\/wp-json\/wp\/v2\/users\/1"}],"replies":[{"embeddable":true,"href":"https:\/\/www.granadablogs.com\/juezcalatayud\/wp-json\/wp\/v2\/comments?post=21897"}],"version-history":[{"count":2,"href":"https:\/\/www.granadablogs.com\/juezcalatayud\/wp-json\/wp\/v2\/posts\/21897\/revisions"}],"predecessor-version":[{"id":21899,"href":"https:\/\/www.granadablogs.com\/juezcalatayud\/wp-json\/wp\/v2\/posts\/21897\/revisions\/21899"}],"wp:featuredmedia":[{"embeddable":true,"href":"https:\/\/www.granadablogs.com\/juezcalatayud\/wp-json\/wp\/v2\/media\/11838"}],"wp:attachment":[{"href":"https:\/\/www.granadablogs.com\/juezcalatayud\/wp-json\/wp\/v2\/media?parent=21897"}],"wp:term":[{"taxonomy":"category","embeddable":true,"href":"https:\/\/www.granadablogs.com\/juezcalatayud\/wp-json\/wp\/v2\/categories?post=21897"},{"taxonomy":"post_tag","embeddable":true,"href":"https:\/\/www.granadablogs.com\/juezcalatayud\/wp-json\/wp\/v2\/tags?post=21897"}],"curies":[{"name":"wp","href":"https:\/\/api.w.org\/{rel}","templated":true}]}}