{"id":21883,"date":"2025-12-10T21:30:04","date_gmt":"2025-12-10T19:30:04","guid":{"rendered":"https:\/\/www.granadablogs.com\/juezcalatayud\/?p=21883"},"modified":"2025-12-10T21:30:04","modified_gmt":"2025-12-10T19:30:04","slug":"no-existe-el-crimen-perfecto-y-si-existiera-para-eso-esta-la-justicia-divina","status":"publish","type":"post","link":"https:\/\/www.granadablogs.com\/juezcalatayud\/2025\/12\/no-existe-el-crimen-perfecto-y-si-existiera-para-eso-esta-la-justicia-divina\/","title":{"rendered":"No existe el crimen perfecto y, si existiera, para eso est\u00e1 la justicia divina"},"content":{"rendered":"\n<p>Buenas, soy Emilio Calatayud. Me hace Carlos Mor\u00e1n un pregunta que creo que nunca me hab\u00edan hecho antes: \u00bfExiste el crimen perfecto? Yo creo que no existe el crimen perfecto. Como juez penal, de Menores, s\u00ed, pero penal, no conozco ning\u00fan caso de un crimen se quedase sin resolver. Pero es que si existiera el crimen perfecto, los cat\u00f3licos pensamos que para eso est\u00e1 la justicia divina. <\/p>\n","protected":false},"excerpt":{"rendered":"<p>Buenas, soy Emilio Calatayud. Me hace Carlos Mor\u00e1n un pregunta que creo que nunca me hab\u00edan hecho antes: \u00bfExiste el crimen perfecto? Yo creo que no existe el crimen perfecto. Como juez penal, de Menores, s\u00ed, pero penal, no conozco ning\u00fan caso de un crimen se quedase sin resolver. Pero es que si existiera el [&hellip;]<\/p>\n","protected":false},"author":1,"featured_media":21384,"comment_status":"open","ping_status":"open","sticky":false,"template":"","format":"standard","meta":{"jetpack_post_was_ever_published":false,"_jetpack_newsletter_access":"","_jetpack_dont_email_post_to_subs":false,"_jetpack_newsletter_tier_id":0,"_jetpack_memberships_contains_paywalled_content":false,"_jetpack_memberships_contains_paid_content":false,"footnotes":""},"categories":[],"tags":[1,2378,3542],"class_list":["post-21883","post","type-post","status-publish","format-standard","has-post-thumbnail","hentry","tag-blog","tag-crimen","tag-perfecto"],"jetpack_featured_media_url":"https:\/\/www.granadablogs.com\/juezcalatayud\/wp-content\/uploads\/2025\/07\/emil-cuatro.jpg","jetpack_shortlink":"https:\/\/wp.me\/p5fzW5-5GX","jetpack-related-posts":[],"jetpack_sharing_enabled":true,"_links":{"self":[{"href":"https:\/\/www.granadablogs.com\/juezcalatayud\/wp-json\/wp\/v2\/posts\/21883","targetHints":{"allow":["GET"]}}],"collection":[{"href":"https:\/\/www.granadablogs.com\/juezcalatayud\/wp-json\/wp\/v2\/posts"}],"about":[{"href":"https:\/\/www.granadablogs.com\/juezcalatayud\/wp-json\/wp\/v2\/types\/post"}],"author":[{"embeddable":true,"href":"https:\/\/www.granadablogs.com\/juezcalatayud\/wp-json\/wp\/v2\/users\/1"}],"replies":[{"embeddable":true,"href":"https:\/\/www.granadablogs.com\/juezcalatayud\/wp-json\/wp\/v2\/comments?post=21883"}],"version-history":[{"count":2,"href":"https:\/\/www.granadablogs.com\/juezcalatayud\/wp-json\/wp\/v2\/posts\/21883\/revisions"}],"predecessor-version":[{"id":21885,"href":"https:\/\/www.granadablogs.com\/juezcalatayud\/wp-json\/wp\/v2\/posts\/21883\/revisions\/21885"}],"wp:featuredmedia":[{"embeddable":true,"href":"https:\/\/www.granadablogs.com\/juezcalatayud\/wp-json\/wp\/v2\/media\/21384"}],"wp:attachment":[{"href":"https:\/\/www.granadablogs.com\/juezcalatayud\/wp-json\/wp\/v2\/media?parent=21883"}],"wp:term":[{"taxonomy":"category","embeddable":true,"href":"https:\/\/www.granadablogs.com\/juezcalatayud\/wp-json\/wp\/v2\/categories?post=21883"},{"taxonomy":"post_tag","embeddable":true,"href":"https:\/\/www.granadablogs.com\/juezcalatayud\/wp-json\/wp\/v2\/tags?post=21883"}],"curies":[{"name":"wp","href":"https:\/\/api.w.org\/{rel}","templated":true}]}}