{"id":21880,"date":"2025-12-08T20:11:59","date_gmt":"2025-12-08T18:11:59","guid":{"rendered":"https:\/\/www.granadablogs.com\/juezcalatayud\/?p=21880"},"modified":"2025-12-08T20:11:59","modified_gmt":"2025-12-08T18:11:59","slug":"felicidades-a-las-inmaculadas-y-a-las-conchas-y-cuidado-a-los-que-estais-volviendo-del-puente","status":"publish","type":"post","link":"https:\/\/www.granadablogs.com\/juezcalatayud\/2025\/12\/felicidades-a-las-inmaculadas-y-a-las-conchas-y-cuidado-a-los-que-estais-volviendo-del-puente\/","title":{"rendered":"Felicidades a las Inmaculadas y a las Conchas y cuidado a los que est\u00e1is volviendo del puente"},"content":{"rendered":"\n<p>Buenas, soy Emilio Calatayud. Felicidades a las Inmaculadas a las Conchas. Espero que est\u00e9is teniendo un d\u00eda lo m\u00e1s bonito posible. Y a los que est\u00e1is volviendo del puente, sobre todo por carretera, cuidado y paciencia. Y gracias a todos los que hab\u00e9is elegido Gran\u00e1 para descansar. <\/p>\n","protected":false},"excerpt":{"rendered":"<p>Buenas, soy Emilio Calatayud. Felicidades a las Inmaculadas a las Conchas. Espero que est\u00e9is teniendo un d\u00eda lo m\u00e1s bonito posible. Y a los que est\u00e1is volviendo del puente, sobre todo por carretera, cuidado y paciencia. Y gracias a todos los que hab\u00e9is elegido Gran\u00e1 para descansar.<\/p>\n","protected":false},"author":1,"featured_media":8713,"comment_status":"open","ping_status":"open","sticky":false,"template":"","format":"standard","meta":{"jetpack_post_was_ever_published":false,"_jetpack_newsletter_access":"","_jetpack_dont_email_post_to_subs":false,"_jetpack_newsletter_tier_id":0,"_jetpack_memberships_contains_paywalled_content":false,"_jetpack_memberships_contains_paid_content":false,"footnotes":""},"categories":[],"tags":[1,4230,1939],"class_list":["post-21880","post","type-post","status-publish","format-standard","has-post-thumbnail","hentry","tag-blog","tag-concepcion","tag-inmaculada"],"jetpack_featured_media_url":"https:\/\/www.granadablogs.com\/juezcalatayud\/wp-content\/uploads\/2018\/06\/Notas-emi.jpg","jetpack_shortlink":"https:\/\/wp.me\/p5fzW5-5GU","jetpack-related-posts":[],"jetpack_sharing_enabled":true,"_links":{"self":[{"href":"https:\/\/www.granadablogs.com\/juezcalatayud\/wp-json\/wp\/v2\/posts\/21880","targetHints":{"allow":["GET"]}}],"collection":[{"href":"https:\/\/www.granadablogs.com\/juezcalatayud\/wp-json\/wp\/v2\/posts"}],"about":[{"href":"https:\/\/www.granadablogs.com\/juezcalatayud\/wp-json\/wp\/v2\/types\/post"}],"author":[{"embeddable":true,"href":"https:\/\/www.granadablogs.com\/juezcalatayud\/wp-json\/wp\/v2\/users\/1"}],"replies":[{"embeddable":true,"href":"https:\/\/www.granadablogs.com\/juezcalatayud\/wp-json\/wp\/v2\/comments?post=21880"}],"version-history":[{"count":2,"href":"https:\/\/www.granadablogs.com\/juezcalatayud\/wp-json\/wp\/v2\/posts\/21880\/revisions"}],"predecessor-version":[{"id":21882,"href":"https:\/\/www.granadablogs.com\/juezcalatayud\/wp-json\/wp\/v2\/posts\/21880\/revisions\/21882"}],"wp:featuredmedia":[{"embeddable":true,"href":"https:\/\/www.granadablogs.com\/juezcalatayud\/wp-json\/wp\/v2\/media\/8713"}],"wp:attachment":[{"href":"https:\/\/www.granadablogs.com\/juezcalatayud\/wp-json\/wp\/v2\/media?parent=21880"}],"wp:term":[{"taxonomy":"category","embeddable":true,"href":"https:\/\/www.granadablogs.com\/juezcalatayud\/wp-json\/wp\/v2\/categories?post=21880"},{"taxonomy":"post_tag","embeddable":true,"href":"https:\/\/www.granadablogs.com\/juezcalatayud\/wp-json\/wp\/v2\/tags?post=21880"}],"curies":[{"name":"wp","href":"https:\/\/api.w.org\/{rel}","templated":true}]}}