{"id":21877,"date":"2025-12-09T20:59:47","date_gmt":"2025-12-09T18:59:47","guid":{"rendered":"https:\/\/www.granadablogs.com\/juezcalatayud\/?p=21877"},"modified":"2025-12-09T20:59:47","modified_gmt":"2025-12-09T18:59:47","slug":"la-comida-de-empresa-navidena-yo-la-hacia-con-mis-choricillos-encerrados-y-sus-cuidadores-lo-pasabamos-bien","status":"publish","type":"post","link":"https:\/\/www.granadablogs.com\/juezcalatayud\/2025\/12\/la-comida-de-empresa-navidena-yo-la-hacia-con-mis-choricillos-encerrados-y-sus-cuidadores-lo-pasabamos-bien\/","title":{"rendered":"La &#8216;comida de empresa&#8217; navide\u00f1a yo la hac\u00eda con mis choricillos encerrados y sus cuidadores, lo pas\u00e1bamos bien"},"content":{"rendered":"\n<p>Buenas, soy Emilio Calatayud. Es tiempo de las llamadas cenas de empresa. Cuando era juez, yo tambi\u00e9n hac\u00eda una &#8216;comida de empresa&#8217; con mis choricillos encerrados y sus cuidadores, vigilantes y monitores. No pod\u00eda ser una cena porque por la noche ten\u00edan que estar en las celdas. La disciplina es la disciplina. Lo pas\u00e1bamos bien y, que yo recuerde, no se nos escap\u00f3 ninguno, ja, ja, ja. <\/p>\n","protected":false},"excerpt":{"rendered":"<p>Buenas, soy Emilio Calatayud. Es tiempo de las llamadas cenas de empresa. Cuando era juez, yo tambi\u00e9n hac\u00eda una &#8216;comida de empresa&#8217; con mis choricillos encerrados y sus cuidadores, vigilantes y monitores. No pod\u00eda ser una cena porque por la noche ten\u00edan que estar en las celdas. La disciplina es la disciplina. Lo pas\u00e1bamos bien [&hellip;]<\/p>\n","protected":false},"author":1,"featured_media":13866,"comment_status":"open","ping_status":"open","sticky":false,"template":"","format":"standard","meta":{"jetpack_post_was_ever_published":false,"_jetpack_newsletter_access":"","_jetpack_dont_email_post_to_subs":false,"_jetpack_newsletter_tier_id":0,"_jetpack_memberships_contains_paywalled_content":false,"_jetpack_memberships_contains_paid_content":false,"footnotes":""},"categories":[],"tags":[1,3952,1753,4229],"class_list":["post-21877","post","type-post","status-publish","format-standard","has-post-thumbnail","hentry","tag-blog","tag-choricillos-2","tag-comida","tag-de-empresa"],"jetpack_featured_media_url":"https:\/\/www.granadablogs.com\/juezcalatayud\/wp-content\/uploads\/2020\/11\/Emilio.jpg","jetpack_shortlink":"https:\/\/wp.me\/p5fzW5-5GR","jetpack-related-posts":[],"jetpack_sharing_enabled":true,"_links":{"self":[{"href":"https:\/\/www.granadablogs.com\/juezcalatayud\/wp-json\/wp\/v2\/posts\/21877","targetHints":{"allow":["GET"]}}],"collection":[{"href":"https:\/\/www.granadablogs.com\/juezcalatayud\/wp-json\/wp\/v2\/posts"}],"about":[{"href":"https:\/\/www.granadablogs.com\/juezcalatayud\/wp-json\/wp\/v2\/types\/post"}],"author":[{"embeddable":true,"href":"https:\/\/www.granadablogs.com\/juezcalatayud\/wp-json\/wp\/v2\/users\/1"}],"replies":[{"embeddable":true,"href":"https:\/\/www.granadablogs.com\/juezcalatayud\/wp-json\/wp\/v2\/comments?post=21877"}],"version-history":[{"count":2,"href":"https:\/\/www.granadablogs.com\/juezcalatayud\/wp-json\/wp\/v2\/posts\/21877\/revisions"}],"predecessor-version":[{"id":21879,"href":"https:\/\/www.granadablogs.com\/juezcalatayud\/wp-json\/wp\/v2\/posts\/21877\/revisions\/21879"}],"wp:featuredmedia":[{"embeddable":true,"href":"https:\/\/www.granadablogs.com\/juezcalatayud\/wp-json\/wp\/v2\/media\/13866"}],"wp:attachment":[{"href":"https:\/\/www.granadablogs.com\/juezcalatayud\/wp-json\/wp\/v2\/media?parent=21877"}],"wp:term":[{"taxonomy":"category","embeddable":true,"href":"https:\/\/www.granadablogs.com\/juezcalatayud\/wp-json\/wp\/v2\/categories?post=21877"},{"taxonomy":"post_tag","embeddable":true,"href":"https:\/\/www.granadablogs.com\/juezcalatayud\/wp-json\/wp\/v2\/tags?post=21877"}],"curies":[{"name":"wp","href":"https:\/\/api.w.org\/{rel}","templated":true}]}}