{"id":21823,"date":"2025-11-24T21:05:43","date_gmt":"2025-11-24T19:05:43","guid":{"rendered":"https:\/\/www.granadablogs.com\/juezcalatayud\/?p=21823"},"modified":"2025-11-24T21:05:43","modified_gmt":"2025-11-24T19:05:43","slug":"se-queja-una-joven-de-cadiz-de-que-el-bro-esta-acabando-con-el-pisha-y-el-illo-de-andalucia-una-pena","status":"publish","type":"post","link":"https:\/\/www.granadablogs.com\/juezcalatayud\/2025\/11\/se-queja-una-joven-de-cadiz-de-que-el-bro-esta-acabando-con-el-pisha-y-el-illo-de-andalucia-una-pena\/","title":{"rendered":"Se queja una joven de C\u00e1diz de que el &#8216;bro&#8217; est\u00e1 acabando con el &#8216;pisha&#8217; y el &#8216;illo&#8217; de Andaluc\u00eda, una pena"},"content":{"rendered":"\n<p>Buenas, soy Emilio Calatayud. Se queja una joven de C\u00e1i (C\u00e1diz) de que el bro que usan los adolescentes y los ni\u00f1os est\u00e1 acabando con el &#8216;pisha y el &#8216;illo&#8217; de Andaluc\u00eda, dos expresiones aut\u00f3ctonas que, al igual que otras muchas, deber\u00edan ser declaradas patrimonio de la humanidad. Es una pena que se vayan perdiendo por las americanadas.<\/p>\n","protected":false},"excerpt":{"rendered":"<p>Buenas, soy Emilio Calatayud. Se queja una joven de C\u00e1i (C\u00e1diz) de que el bro que usan los adolescentes y los ni\u00f1os est\u00e1 acabando con el &#8216;pisha y el &#8216;illo&#8217; de Andaluc\u00eda, dos expresiones aut\u00f3ctonas que, al igual que otras muchas, deber\u00edan ser declaradas patrimonio de la humanidad. Es una pena que se vayan perdiendo [&hellip;]<\/p>\n","protected":false},"author":1,"featured_media":19569,"comment_status":"open","ping_status":"open","sticky":false,"template":"","format":"standard","meta":{"jetpack_post_was_ever_published":false,"_jetpack_newsletter_access":"","_jetpack_dont_email_post_to_subs":false,"_jetpack_newsletter_tier_id":0,"_jetpack_memberships_contains_paywalled_content":false,"_jetpack_memberships_contains_paid_content":false,"footnotes":""},"categories":[],"tags":[1,4036,4213,4212],"class_list":["post-21823","post","type-post","status-publish","format-standard","has-post-thumbnail","hentry","tag-blog","tag-bro-2","tag-illo","tag-pisha"],"jetpack_featured_media_url":"https:\/\/www.granadablogs.com\/juezcalatayud\/wp-content\/uploads\/2024\/05\/Emil-v.jpg","jetpack_shortlink":"https:\/\/wp.me\/p5fzW5-5FZ","jetpack-related-posts":[],"jetpack_sharing_enabled":true,"_links":{"self":[{"href":"https:\/\/www.granadablogs.com\/juezcalatayud\/wp-json\/wp\/v2\/posts\/21823","targetHints":{"allow":["GET"]}}],"collection":[{"href":"https:\/\/www.granadablogs.com\/juezcalatayud\/wp-json\/wp\/v2\/posts"}],"about":[{"href":"https:\/\/www.granadablogs.com\/juezcalatayud\/wp-json\/wp\/v2\/types\/post"}],"author":[{"embeddable":true,"href":"https:\/\/www.granadablogs.com\/juezcalatayud\/wp-json\/wp\/v2\/users\/1"}],"replies":[{"embeddable":true,"href":"https:\/\/www.granadablogs.com\/juezcalatayud\/wp-json\/wp\/v2\/comments?post=21823"}],"version-history":[{"count":2,"href":"https:\/\/www.granadablogs.com\/juezcalatayud\/wp-json\/wp\/v2\/posts\/21823\/revisions"}],"predecessor-version":[{"id":21825,"href":"https:\/\/www.granadablogs.com\/juezcalatayud\/wp-json\/wp\/v2\/posts\/21823\/revisions\/21825"}],"wp:featuredmedia":[{"embeddable":true,"href":"https:\/\/www.granadablogs.com\/juezcalatayud\/wp-json\/wp\/v2\/media\/19569"}],"wp:attachment":[{"href":"https:\/\/www.granadablogs.com\/juezcalatayud\/wp-json\/wp\/v2\/media?parent=21823"}],"wp:term":[{"taxonomy":"category","embeddable":true,"href":"https:\/\/www.granadablogs.com\/juezcalatayud\/wp-json\/wp\/v2\/categories?post=21823"},{"taxonomy":"post_tag","embeddable":true,"href":"https:\/\/www.granadablogs.com\/juezcalatayud\/wp-json\/wp\/v2\/tags?post=21823"}],"curies":[{"name":"wp","href":"https:\/\/api.w.org\/{rel}","templated":true}]}}