{"id":21820,"date":"2025-11-23T21:05:59","date_gmt":"2025-11-23T19:05:59","guid":{"rendered":"https:\/\/www.granadablogs.com\/juezcalatayud\/?p=21820"},"modified":"2025-11-23T21:05:59","modified_gmt":"2025-11-23T19:05:59","slug":"me-saludan-unos-ninos-y-les-digo-sed-buenos-y-se-rien-me-he-quedao-con-vuestras-caras-contrataco-ya-no-se-rien-ja-ja-ja","status":"publish","type":"post","link":"https:\/\/www.granadablogs.com\/juezcalatayud\/2025\/11\/me-saludan-unos-ninos-y-les-digo-sed-buenos-y-se-rien-me-he-quedao-con-vuestras-caras-contrataco-ya-no-se-rien-ja-ja-ja\/","title":{"rendered":"Me saludan unos ni\u00f1os y les digo \u00absed buenos\u00bb y se r\u00eden; \u00abme he &#8216;quedao&#8217; con vuestras caras\u00bb, contrataco; ya no se r\u00eden, ja, ja, ja"},"content":{"rendered":"\n<p>Buenas, soy Emilio Calatayud. Me saludan unos ni\u00f1os de Gran\u00e1 que pastorea, en el sentido cristiano de la expresi\u00f3n, el padre Juan Carlos Carri\u00f3n, un santo vivo al que la da verg\u00fcenza que se lo diga. Hago una petici\u00f3n a los chavales: \u00absed buenos\u00bb y se r\u00eden; \u00abme he &#8216;quedao&#8217; con vuestros caras\u00bb, contrataco; ya no se r\u00eden, pero yo s\u00ed, ja, ja, ja.<\/p>\n","protected":false},"excerpt":{"rendered":"<p>Buenas, soy Emilio Calatayud. Me saludan unos ni\u00f1os de Gran\u00e1 que pastorea, en el sentido cristiano de la expresi\u00f3n, el padre Juan Carlos Carri\u00f3n, un santo vivo al que la da verg\u00fcenza que se lo diga. Hago una petici\u00f3n a los chavales: \u00absed buenos\u00bb y se r\u00eden; \u00abme he &#8216;quedao&#8217; con vuestros caras\u00bb, contrataco; ya [&hellip;]<\/p>\n","protected":false},"author":1,"featured_media":21822,"comment_status":"open","ping_status":"open","sticky":false,"template":"","format":"standard","meta":{"jetpack_post_was_ever_published":false,"_jetpack_newsletter_access":"","_jetpack_dont_email_post_to_subs":false,"_jetpack_newsletter_tier_id":0,"_jetpack_memberships_contains_paywalled_content":false,"_jetpack_memberships_contains_paid_content":false,"footnotes":""},"categories":[],"tags":[1,2228,1698,4209,4210,4211],"class_list":["post-21820","post","type-post","status-publish","format-standard","has-post-thumbnail","hentry","tag-blog","tag-caras","tag-con","tag-me-he","tag-quedao","tag-vuestras"],"jetpack_featured_media_url":"https:\/\/www.granadablogs.com\/juezcalatayud\/wp-content\/uploads\/2025\/11\/Ninos.jpg","jetpack_shortlink":"https:\/\/wp.me\/p5fzW5-5FW","jetpack-related-posts":[],"jetpack_sharing_enabled":true,"_links":{"self":[{"href":"https:\/\/www.granadablogs.com\/juezcalatayud\/wp-json\/wp\/v2\/posts\/21820","targetHints":{"allow":["GET"]}}],"collection":[{"href":"https:\/\/www.granadablogs.com\/juezcalatayud\/wp-json\/wp\/v2\/posts"}],"about":[{"href":"https:\/\/www.granadablogs.com\/juezcalatayud\/wp-json\/wp\/v2\/types\/post"}],"author":[{"embeddable":true,"href":"https:\/\/www.granadablogs.com\/juezcalatayud\/wp-json\/wp\/v2\/users\/1"}],"replies":[{"embeddable":true,"href":"https:\/\/www.granadablogs.com\/juezcalatayud\/wp-json\/wp\/v2\/comments?post=21820"}],"version-history":[{"count":1,"href":"https:\/\/www.granadablogs.com\/juezcalatayud\/wp-json\/wp\/v2\/posts\/21820\/revisions"}],"predecessor-version":[{"id":21821,"href":"https:\/\/www.granadablogs.com\/juezcalatayud\/wp-json\/wp\/v2\/posts\/21820\/revisions\/21821"}],"wp:featuredmedia":[{"embeddable":true,"href":"https:\/\/www.granadablogs.com\/juezcalatayud\/wp-json\/wp\/v2\/media\/21822"}],"wp:attachment":[{"href":"https:\/\/www.granadablogs.com\/juezcalatayud\/wp-json\/wp\/v2\/media?parent=21820"}],"wp:term":[{"taxonomy":"category","embeddable":true,"href":"https:\/\/www.granadablogs.com\/juezcalatayud\/wp-json\/wp\/v2\/categories?post=21820"},{"taxonomy":"post_tag","embeddable":true,"href":"https:\/\/www.granadablogs.com\/juezcalatayud\/wp-json\/wp\/v2\/tags?post=21820"}],"curies":[{"name":"wp","href":"https:\/\/api.w.org\/{rel}","templated":true}]}}