{"id":21813,"date":"2025-11-21T21:04:49","date_gmt":"2025-11-21T19:04:49","guid":{"rendered":"https:\/\/www.granadablogs.com\/juezcalatayud\/?p=21813"},"modified":"2025-11-21T21:04:49","modified_gmt":"2025-11-21T19:04:49","slug":"sarah-un-ejemplo-de-vida-no-tienes-manos-ni-pies-pero-yo-a-tu-lado-no-soy-na-mucho-juez-y-mucho-rollo-pero-voy-con-baston","status":"publish","type":"post","link":"https:\/\/www.granadablogs.com\/juezcalatayud\/2025\/11\/sarah-un-ejemplo-de-vida-no-tienes-manos-ni-pies-pero-yo-a-tu-lado-no-soy-na-mucho-juez-y-mucho-rollo-pero-voy-con-baston\/","title":{"rendered":"Sarah, un ejemplo de vida: \u00abNo tienes manos ni pies, pero yo a tu lado no soy &#8216;na&#8217;, mucho juez y mucho rollo pero voy con bast\u00f3n\u00bb"},"content":{"rendered":"\n<p>Buenas, soy Emilio Calatayud. Hoy he tenido el honor y el placer de presentar una conferencia de Sarah Almagro, una joven de 25 a\u00f1os  de Marbella que este a\u00f1o se ha proclamado campeona de Espa\u00f1a, de Europa y del Mundo en surf adaptado y, adem\u00e1s, se ha graduado en Derecho. Con 18 a\u00f1os, Sarah sufri\u00f3 una meningitis que desemboc\u00f3 en una infecci\u00f3n generalizada de todo su organismo, lo que oblig\u00f3 a los cirujanos a amputarle las dos manos y los pies. Pese a ello, y con un esfuerzo sobrehumano y el apoyo de su familia, su padre le don\u00f3 un ri\u00f1\u00f3n, ha vuelto a ponerse en pie, y nunca mejor dicho. Sarah es un ejemplo de vida y sus palabras me han emocionado. <\/p>\n\n\n\n<p>Un poco a lo bruto, como soy yo, le he lanzado este elogio: \u00abNo tienes manos ni pies, pero yo a tu lado no soy &#8216;na&#8217;, mucho juez y mucho rollo pero voy con bast\u00f3n\u00bb. <\/p>\n\n\n\n<p>Por cierto, Sarah quiere dedicarse a trabajar con menores infractores. No se me ocurre nadie mejor. <\/p>\n","protected":false},"excerpt":{"rendered":"<p>Buenas, soy Emilio Calatayud. Hoy he tenido el honor y el placer de presentar una conferencia de Sarah Almagro, una joven de 25 a\u00f1os de Marbella que este a\u00f1o se ha proclamado campeona de Espa\u00f1a, de Europa y del Mundo en surf adaptado y, adem\u00e1s, se ha graduado en Derecho. Con 18 a\u00f1os, Sarah sufri\u00f3 [&hellip;]<\/p>\n","protected":false},"author":1,"featured_media":21818,"comment_status":"open","ping_status":"open","sticky":false,"template":"","format":"standard","meta":{"jetpack_post_was_ever_published":false,"_jetpack_newsletter_access":"","_jetpack_dont_email_post_to_subs":false,"_jetpack_newsletter_tier_id":0,"_jetpack_memberships_contains_paywalled_content":false,"_jetpack_memberships_contains_paid_content":false,"footnotes":""},"categories":[],"tags":[1],"class_list":["post-21813","post","type-post","status-publish","format-standard","has-post-thumbnail","hentry","tag-blog"],"jetpack_featured_media_url":"https:\/\/www.granadablogs.com\/juezcalatayud\/wp-content\/uploads\/2025\/11\/SA.jpg","jetpack_shortlink":"https:\/\/wp.me\/p5fzW5-5FP","jetpack-related-posts":[],"jetpack_sharing_enabled":true,"_links":{"self":[{"href":"https:\/\/www.granadablogs.com\/juezcalatayud\/wp-json\/wp\/v2\/posts\/21813","targetHints":{"allow":["GET"]}}],"collection":[{"href":"https:\/\/www.granadablogs.com\/juezcalatayud\/wp-json\/wp\/v2\/posts"}],"about":[{"href":"https:\/\/www.granadablogs.com\/juezcalatayud\/wp-json\/wp\/v2\/types\/post"}],"author":[{"embeddable":true,"href":"https:\/\/www.granadablogs.com\/juezcalatayud\/wp-json\/wp\/v2\/users\/1"}],"replies":[{"embeddable":true,"href":"https:\/\/www.granadablogs.com\/juezcalatayud\/wp-json\/wp\/v2\/comments?post=21813"}],"version-history":[{"count":1,"href":"https:\/\/www.granadablogs.com\/juezcalatayud\/wp-json\/wp\/v2\/posts\/21813\/revisions"}],"predecessor-version":[{"id":21814,"href":"https:\/\/www.granadablogs.com\/juezcalatayud\/wp-json\/wp\/v2\/posts\/21813\/revisions\/21814"}],"wp:featuredmedia":[{"embeddable":true,"href":"https:\/\/www.granadablogs.com\/juezcalatayud\/wp-json\/wp\/v2\/media\/21818"}],"wp:attachment":[{"href":"https:\/\/www.granadablogs.com\/juezcalatayud\/wp-json\/wp\/v2\/media?parent=21813"}],"wp:term":[{"taxonomy":"category","embeddable":true,"href":"https:\/\/www.granadablogs.com\/juezcalatayud\/wp-json\/wp\/v2\/categories?post=21813"},{"taxonomy":"post_tag","embeddable":true,"href":"https:\/\/www.granadablogs.com\/juezcalatayud\/wp-json\/wp\/v2\/tags?post=21813"}],"curies":[{"name":"wp","href":"https:\/\/api.w.org\/{rel}","templated":true}]}}