{"id":21808,"date":"2025-11-19T22:34:39","date_gmt":"2025-11-19T20:34:39","guid":{"rendered":"https:\/\/www.granadablogs.com\/juezcalatayud\/?p=21808"},"modified":"2025-11-19T22:34:39","modified_gmt":"2025-11-19T20:34:39","slug":"el-autor-de-la-frase-les-importa-tres-pollas-es-el-presidente-del-senado-y-se-referia-a-los-senadores","status":"publish","type":"post","link":"https:\/\/www.granadablogs.com\/juezcalatayud\/2025\/11\/el-autor-de-la-frase-les-importa-tres-pollas-es-el-presidente-del-senado-y-se-referia-a-los-senadores\/","title":{"rendered":"El autor de la frase \u00abLes importa tres pollas\u00bb es el presidente del Senado y se refer\u00eda a los senadores"},"content":{"rendered":"\n<p>Buenas, soy Emilio Calatayud. No prolongar\u00e9 la inc\u00f3gnita: El autor de la frase \u00abLes importa tres pollas\u00bb es el presidente del Senado y se refer\u00eda a los senadores. Pero hay profes y se\u00f1os que me confirman que ellos tambi\u00e9n lo han pensado de algunos de sus alumnos. Por cierto, y aunque ya est\u00e9 claro, no lo he dicho yo, porque hay quien me ha re\u00f1ido por decir tacos. <\/p>\n","protected":false},"excerpt":{"rendered":"<p>Buenas, soy Emilio Calatayud. No prolongar\u00e9 la inc\u00f3gnita: El autor de la frase \u00abLes importa tres pollas\u00bb es el presidente del Senado y se refer\u00eda a los senadores. Pero hay profes y se\u00f1os que me confirman que ellos tambi\u00e9n lo han pensado de algunos de sus alumnos. Por cierto, y aunque ya est\u00e9 claro, no [&hellip;]<\/p>\n","protected":false},"author":1,"featured_media":13230,"comment_status":"open","ping_status":"open","sticky":false,"template":"","format":"standard","meta":{"jetpack_post_was_ever_published":false,"_jetpack_newsletter_access":"","_jetpack_dont_email_post_to_subs":false,"_jetpack_newsletter_tier_id":0,"_jetpack_memberships_contains_paywalled_content":false,"_jetpack_memberships_contains_paid_content":false,"footnotes":""},"categories":[],"tags":[1,4207,999],"class_list":["post-21808","post","type-post","status-publish","format-standard","has-post-thumbnail","hentry","tag-blog","tag-del-senado","tag-presidente"],"jetpack_featured_media_url":"https:\/\/www.granadablogs.com\/juezcalatayud\/wp-content\/uploads\/2020\/07\/Emil-nueva-dos.jpg","jetpack_shortlink":"https:\/\/wp.me\/p5fzW5-5FK","jetpack-related-posts":[],"jetpack_sharing_enabled":true,"_links":{"self":[{"href":"https:\/\/www.granadablogs.com\/juezcalatayud\/wp-json\/wp\/v2\/posts\/21808","targetHints":{"allow":["GET"]}}],"collection":[{"href":"https:\/\/www.granadablogs.com\/juezcalatayud\/wp-json\/wp\/v2\/posts"}],"about":[{"href":"https:\/\/www.granadablogs.com\/juezcalatayud\/wp-json\/wp\/v2\/types\/post"}],"author":[{"embeddable":true,"href":"https:\/\/www.granadablogs.com\/juezcalatayud\/wp-json\/wp\/v2\/users\/1"}],"replies":[{"embeddable":true,"href":"https:\/\/www.granadablogs.com\/juezcalatayud\/wp-json\/wp\/v2\/comments?post=21808"}],"version-history":[{"count":1,"href":"https:\/\/www.granadablogs.com\/juezcalatayud\/wp-json\/wp\/v2\/posts\/21808\/revisions"}],"predecessor-version":[{"id":21809,"href":"https:\/\/www.granadablogs.com\/juezcalatayud\/wp-json\/wp\/v2\/posts\/21808\/revisions\/21809"}],"wp:featuredmedia":[{"embeddable":true,"href":"https:\/\/www.granadablogs.com\/juezcalatayud\/wp-json\/wp\/v2\/media\/13230"}],"wp:attachment":[{"href":"https:\/\/www.granadablogs.com\/juezcalatayud\/wp-json\/wp\/v2\/media?parent=21808"}],"wp:term":[{"taxonomy":"category","embeddable":true,"href":"https:\/\/www.granadablogs.com\/juezcalatayud\/wp-json\/wp\/v2\/categories?post=21808"},{"taxonomy":"post_tag","embeddable":true,"href":"https:\/\/www.granadablogs.com\/juezcalatayud\/wp-json\/wp\/v2\/tags?post=21808"}],"curies":[{"name":"wp","href":"https:\/\/api.w.org\/{rel}","templated":true}]}}