{"id":21787,"date":"2025-11-15T21:00:52","date_gmt":"2025-11-15T19:00:52","guid":{"rendered":"https:\/\/www.granadablogs.com\/juezcalatayud\/?p=21787"},"modified":"2025-11-15T21:00:52","modified_gmt":"2025-11-15T19:00:52","slug":"hoy-he-encendido-la-estufa-y-hace-tres-dias-grana-registro-289-grados-la-temperatura-mas-alta-vista-por-aqui-en-noviembre-la-rutina-ya-no-es-lo-que-era","status":"publish","type":"post","link":"https:\/\/www.granadablogs.com\/juezcalatayud\/2025\/11\/hoy-he-encendido-la-estufa-y-hace-tres-dias-grana-registro-289-grados-la-temperatura-mas-alta-vista-por-aqui-en-noviembre-la-rutina-ya-no-es-lo-que-era\/","title":{"rendered":"Hoy he encendido la estufa y hace tres d\u00edas Gran\u00e1 registr\u00f3 28,9 grados, la temperatura m\u00e1s alta vista por aqu\u00ed en noviembre, la rutina ya no es lo que era"},"content":{"rendered":"\n<p>Buenas, soy Emilio Calatayud. Llueve en Gran\u00e1, hay nieve en la Sierra, hace algo de fr\u00edo y he encendido la estufa. Lo normal ser\u00eda gritar: \u00a1viva la rutina, pero es que la rutina ya no es lo que era! Hace tres d\u00edas, Gran\u00e1 registr\u00f3 28,9 grados, la temperatura m\u00e1s alta de un mes de noviembre en esta tierra. Y estas oscilaciones no tienen nada de rutinario. A nuestros hijos y nietos les vamos a dejar un mundo muy averiado. <\/p>\n","protected":false},"excerpt":{"rendered":"<p>Buenas, soy Emilio Calatayud. Llueve en Gran\u00e1, hay nieve en la Sierra, hace algo de fr\u00edo y he encendido la estufa. Lo normal ser\u00eda gritar: \u00a1viva la rutina, pero es que la rutina ya no es lo que era! Hace tres d\u00edas, Gran\u00e1 registr\u00f3 28,9 grados, la temperatura m\u00e1s alta de un mes de noviembre [&hellip;]<\/p>\n","protected":false},"author":1,"featured_media":9744,"comment_status":"open","ping_status":"open","sticky":false,"template":"","format":"standard","meta":{"jetpack_post_was_ever_published":false,"_jetpack_newsletter_access":"","_jetpack_dont_email_post_to_subs":false,"_jetpack_newsletter_tier_id":0,"_jetpack_memberships_contains_paywalled_content":false,"_jetpack_memberships_contains_paid_content":false,"footnotes":""},"categories":[],"tags":[1,1145,3904,1673,2759],"class_list":["post-21787","post","type-post","status-publish","format-standard","has-post-thumbnail","hentry","tag-blog","tag-calor","tag-estufa","tag-frio","tag-grana"],"jetpack_featured_media_url":"https:\/\/www.granadablogs.com\/juezcalatayud\/wp-content\/uploads\/2018\/12\/Emilio-Calatayud.jpg","jetpack_shortlink":"https:\/\/wp.me\/p5fzW5-5Fp","jetpack-related-posts":[],"jetpack_sharing_enabled":true,"_links":{"self":[{"href":"https:\/\/www.granadablogs.com\/juezcalatayud\/wp-json\/wp\/v2\/posts\/21787","targetHints":{"allow":["GET"]}}],"collection":[{"href":"https:\/\/www.granadablogs.com\/juezcalatayud\/wp-json\/wp\/v2\/posts"}],"about":[{"href":"https:\/\/www.granadablogs.com\/juezcalatayud\/wp-json\/wp\/v2\/types\/post"}],"author":[{"embeddable":true,"href":"https:\/\/www.granadablogs.com\/juezcalatayud\/wp-json\/wp\/v2\/users\/1"}],"replies":[{"embeddable":true,"href":"https:\/\/www.granadablogs.com\/juezcalatayud\/wp-json\/wp\/v2\/comments?post=21787"}],"version-history":[{"count":3,"href":"https:\/\/www.granadablogs.com\/juezcalatayud\/wp-json\/wp\/v2\/posts\/21787\/revisions"}],"predecessor-version":[{"id":21790,"href":"https:\/\/www.granadablogs.com\/juezcalatayud\/wp-json\/wp\/v2\/posts\/21787\/revisions\/21790"}],"wp:featuredmedia":[{"embeddable":true,"href":"https:\/\/www.granadablogs.com\/juezcalatayud\/wp-json\/wp\/v2\/media\/9744"}],"wp:attachment":[{"href":"https:\/\/www.granadablogs.com\/juezcalatayud\/wp-json\/wp\/v2\/media?parent=21787"}],"wp:term":[{"taxonomy":"category","embeddable":true,"href":"https:\/\/www.granadablogs.com\/juezcalatayud\/wp-json\/wp\/v2\/categories?post=21787"},{"taxonomy":"post_tag","embeddable":true,"href":"https:\/\/www.granadablogs.com\/juezcalatayud\/wp-json\/wp\/v2\/tags?post=21787"}],"curies":[{"name":"wp","href":"https:\/\/api.w.org\/{rel}","templated":true}]}}