{"id":21784,"date":"2025-11-14T21:10:23","date_gmt":"2025-11-14T19:10:23","guid":{"rendered":"https:\/\/www.granadablogs.com\/juezcalatayud\/?p=21784"},"modified":"2025-11-14T21:10:23","modified_gmt":"2025-11-14T19:10:23","slug":"enhorabuena-a-los-que-no-habeis-quitado-aun-el-arbol-de-navidad-y-el-belen-de-2024-no-sois-vagos-sois-previsores","status":"publish","type":"post","link":"https:\/\/www.granadablogs.com\/juezcalatayud\/2025\/11\/enhorabuena-a-los-que-no-habeis-quitado-aun-el-arbol-de-navidad-y-el-belen-de-2024-no-sois-vagos-sois-previsores\/","title":{"rendered":"Enhorabuena a los que no hab\u00e9is quitado a\u00fan el \u00e1rbol de Navidad y el Bel\u00e9n de 2024, no sois vagos, sois previsores"},"content":{"rendered":"\n<p>Buenas, soy Emilio Calatayud. Quiero dar la enhorabuena a los que no hab\u00e9is quitado a\u00fan el \u00e1rbol de Navidad y el Bel\u00e9n de 2024. Habr\u00e1 quien os diga que sois vagos, pero yo creo que sois previsores, ja, ja, ja. Y empezad a preparar la Semana Santa, que ahora se adelanta todo.<\/p>\n","protected":false},"excerpt":{"rendered":"<p>Buenas, soy Emilio Calatayud. Quiero dar la enhorabuena a los que no hab\u00e9is quitado a\u00fan el \u00e1rbol de Navidad y el Bel\u00e9n de 2024. Habr\u00e1 quien os diga que sois vagos, pero yo creo que sois previsores, ja, ja, ja. Y empezad a preparar la Semana Santa, que ahora se adelanta todo.<\/p>\n","protected":false},"author":1,"featured_media":13905,"comment_status":"open","ping_status":"open","sticky":false,"template":"","format":"standard","meta":{"jetpack_post_was_ever_published":false,"_jetpack_newsletter_access":"","_jetpack_dont_email_post_to_subs":false,"_jetpack_newsletter_tier_id":0,"_jetpack_memberships_contains_paywalled_content":false,"_jetpack_memberships_contains_paid_content":false,"footnotes":""},"categories":[],"tags":[3607,4196,1],"class_list":["post-21784","post","type-post","status-publish","format-standard","has-post-thumbnail","hentry","tag-3607","tag-arbol-2","tag-blog"],"jetpack_featured_media_url":"https:\/\/www.granadablogs.com\/juezcalatayud\/wp-content\/uploads\/2020\/11\/Parque-emilio.jpg","jetpack_shortlink":"https:\/\/wp.me\/p5fzW5-5Fm","jetpack-related-posts":[],"jetpack_sharing_enabled":true,"_links":{"self":[{"href":"https:\/\/www.granadablogs.com\/juezcalatayud\/wp-json\/wp\/v2\/posts\/21784","targetHints":{"allow":["GET"]}}],"collection":[{"href":"https:\/\/www.granadablogs.com\/juezcalatayud\/wp-json\/wp\/v2\/posts"}],"about":[{"href":"https:\/\/www.granadablogs.com\/juezcalatayud\/wp-json\/wp\/v2\/types\/post"}],"author":[{"embeddable":true,"href":"https:\/\/www.granadablogs.com\/juezcalatayud\/wp-json\/wp\/v2\/users\/1"}],"replies":[{"embeddable":true,"href":"https:\/\/www.granadablogs.com\/juezcalatayud\/wp-json\/wp\/v2\/comments?post=21784"}],"version-history":[{"count":2,"href":"https:\/\/www.granadablogs.com\/juezcalatayud\/wp-json\/wp\/v2\/posts\/21784\/revisions"}],"predecessor-version":[{"id":21786,"href":"https:\/\/www.granadablogs.com\/juezcalatayud\/wp-json\/wp\/v2\/posts\/21784\/revisions\/21786"}],"wp:featuredmedia":[{"embeddable":true,"href":"https:\/\/www.granadablogs.com\/juezcalatayud\/wp-json\/wp\/v2\/media\/13905"}],"wp:attachment":[{"href":"https:\/\/www.granadablogs.com\/juezcalatayud\/wp-json\/wp\/v2\/media?parent=21784"}],"wp:term":[{"taxonomy":"category","embeddable":true,"href":"https:\/\/www.granadablogs.com\/juezcalatayud\/wp-json\/wp\/v2\/categories?post=21784"},{"taxonomy":"post_tag","embeddable":true,"href":"https:\/\/www.granadablogs.com\/juezcalatayud\/wp-json\/wp\/v2\/tags?post=21784"}],"curies":[{"name":"wp","href":"https:\/\/api.w.org\/{rel}","templated":true}]}}