{"id":21773,"date":"2025-11-11T14:36:34","date_gmt":"2025-11-11T12:36:34","guid":{"rendered":"https:\/\/www.granadablogs.com\/juezcalatayud\/?p=21773"},"modified":"2025-11-11T14:36:34","modified_gmt":"2025-11-11T12:36:34","slug":"don-emilio-premio-de-honor-justicia-andalucia","status":"publish","type":"post","link":"https:\/\/www.granadablogs.com\/juezcalatayud\/2025\/11\/don-emilio-premio-de-honor-justicia-andalucia\/","title":{"rendered":"Don Emilio, Premio de Honor Justicia Andaluc\u00eda"},"content":{"rendered":"\n<p>Hola, soy Carlos Mor\u00e1n, el compa\u00f1ero de blog y, sin embargo amigo, de don Emilio. Es un placer comunicaros que el juez Calatayud ha sido distinguido en los II Premios Justicia Andaluc\u00eda, que reconocen la labor de personas y colectivos en favor de la promoci\u00f3n\u00a0de la Justicia. Al magistrado de Menores, recientemente jubilado, el Consejo de Gobierno de la Junta de Andaluc\u00eda le ha otorgado el Premio de Honor \u00abpor su extraordinaria sensibilidad hacia los menores infractores, sin olvidar a las v\u00edctimas, abordando su realidad desde una profunda comprensi\u00f3n humana y social con sentencias ejemplarizantes que se han hecho famosas\u00bb.<\/p>\n\n\n\n<p>En su primera edici\u00f3n, el Premio de Honor fue concedido a los ponentes de la Constituci\u00f3n de 1978 y fue recogido por Miquel Roca. Ah\u00ed es nada.<\/p>\n\n\n\n<p>Adem\u00e1s, el jurado ha decidido otorgar una menci\u00f3n especial al fiscal jefe del Tribunal Superior de Justicia de Andaluc\u00eda (TSJA) Luis Portero, en el 25 aniversario de su asesinato a manos de ETA, para mantener su legado como ejemplo de integridad, servicio p\u00fablico y compromiso con la Justicia.<\/p>\n","protected":false},"excerpt":{"rendered":"<p>Hola, soy Carlos Mor\u00e1n, el compa\u00f1ero de blog y, sin embargo amigo, de don Emilio. Es un placer comunicaros que el juez Calatayud ha sido distinguido en los II Premios Justicia Andaluc\u00eda, que reconocen la labor de personas y colectivos en favor de la promoci\u00f3n\u00a0de la Justicia. Al magistrado de Menores, recientemente jubilado, el Consejo [&hellip;]<\/p>\n","protected":false},"author":3,"featured_media":11842,"comment_status":"open","ping_status":"open","sticky":false,"template":"","format":"standard","meta":{"jetpack_post_was_ever_published":false,"_jetpack_newsletter_access":"","_jetpack_dont_email_post_to_subs":false,"_jetpack_newsletter_tier_id":0,"_jetpack_memberships_contains_paywalled_content":false,"_jetpack_memberships_contains_paid_content":false,"footnotes":""},"categories":[],"tags":[1,948,4192],"class_list":["post-21773","post","type-post","status-publish","format-standard","has-post-thumbnail","hentry","tag-blog","tag-justicia","tag-premio-andalucia"],"jetpack_featured_media_url":"https:\/\/www.granadablogs.com\/juezcalatayud\/wp-content\/uploads\/2019\/12\/Neu-jue.jpg","jetpack_shortlink":"https:\/\/wp.me\/p5fzW5-5Fb","jetpack-related-posts":[],"jetpack_sharing_enabled":true,"_links":{"self":[{"href":"https:\/\/www.granadablogs.com\/juezcalatayud\/wp-json\/wp\/v2\/posts\/21773","targetHints":{"allow":["GET"]}}],"collection":[{"href":"https:\/\/www.granadablogs.com\/juezcalatayud\/wp-json\/wp\/v2\/posts"}],"about":[{"href":"https:\/\/www.granadablogs.com\/juezcalatayud\/wp-json\/wp\/v2\/types\/post"}],"author":[{"embeddable":true,"href":"https:\/\/www.granadablogs.com\/juezcalatayud\/wp-json\/wp\/v2\/users\/3"}],"replies":[{"embeddable":true,"href":"https:\/\/www.granadablogs.com\/juezcalatayud\/wp-json\/wp\/v2\/comments?post=21773"}],"version-history":[{"count":1,"href":"https:\/\/www.granadablogs.com\/juezcalatayud\/wp-json\/wp\/v2\/posts\/21773\/revisions"}],"predecessor-version":[{"id":21774,"href":"https:\/\/www.granadablogs.com\/juezcalatayud\/wp-json\/wp\/v2\/posts\/21773\/revisions\/21774"}],"wp:featuredmedia":[{"embeddable":true,"href":"https:\/\/www.granadablogs.com\/juezcalatayud\/wp-json\/wp\/v2\/media\/11842"}],"wp:attachment":[{"href":"https:\/\/www.granadablogs.com\/juezcalatayud\/wp-json\/wp\/v2\/media?parent=21773"}],"wp:term":[{"taxonomy":"category","embeddable":true,"href":"https:\/\/www.granadablogs.com\/juezcalatayud\/wp-json\/wp\/v2\/categories?post=21773"},{"taxonomy":"post_tag","embeddable":true,"href":"https:\/\/www.granadablogs.com\/juezcalatayud\/wp-json\/wp\/v2\/tags?post=21773"}],"curies":[{"name":"wp","href":"https:\/\/api.w.org\/{rel}","templated":true}]}}