{"id":21764,"date":"2025-11-08T21:04:30","date_gmt":"2025-11-08T19:04:30","guid":{"rendered":"https:\/\/www.granadablogs.com\/juezcalatayud\/?p=21764"},"modified":"2025-11-08T21:04:30","modified_gmt":"2025-11-08T19:04:30","slug":"he-sido-juez-durante-45-anos-y-no-me-llaman-facha-o-prevaricador-no-me-puedo-quejar","status":"publish","type":"post","link":"https:\/\/www.granadablogs.com\/juezcalatayud\/2025\/11\/he-sido-juez-durante-45-anos-y-no-me-llaman-facha-o-prevaricador-no-me-puedo-quejar\/","title":{"rendered":"He sido juez durante 45 a\u00f1os y no me llaman facha o prevaricador, no me puedo quejar"},"content":{"rendered":"\n<p>Buenas, soy Emilio Calatayud. Bueno, ya os cont\u00f3 Carlos Mor\u00e1n la fiesta que me liaron el viernes. Lo pas\u00e9 muy bien. Tener amigos as\u00ed es una satisfacci\u00f3n. Y m\u00e1s a\u00fan si esos amigos han sido compa\u00f1eros de trabajo. Tras mi jubilaci\u00f3n, estoy haciendo balance y la verdad es que no tengo queja. He sido juez durante 45 a\u00f1os y no me llaman facha o prevaricador. Lo dicho, no me puedo quejar, ja, ja, ja. <\/p>\n","protected":false},"excerpt":{"rendered":"<p>Buenas, soy Emilio Calatayud. Bueno, ya os cont\u00f3 Carlos Mor\u00e1n la fiesta que me liaron el viernes. Lo pas\u00e9 muy bien. Tener amigos as\u00ed es una satisfacci\u00f3n. Y m\u00e1s a\u00fan si esos amigos han sido compa\u00f1eros de trabajo. Tras mi jubilaci\u00f3n, estoy haciendo balance y la verdad es que no tengo queja. He sido juez [&hellip;]<\/p>\n","protected":false},"author":1,"featured_media":19567,"comment_status":"open","ping_status":"open","sticky":false,"template":"","format":"standard","meta":{"jetpack_post_was_ever_published":false,"_jetpack_newsletter_access":"","_jetpack_dont_email_post_to_subs":false,"_jetpack_newsletter_tier_id":0,"_jetpack_memberships_contains_paywalled_content":false,"_jetpack_memberships_contains_paid_content":false,"footnotes":""},"categories":[],"tags":[1,1256,4191],"class_list":["post-21764","post","type-post","status-publish","format-standard","has-post-thumbnail","hentry","tag-blog","tag-facha","tag-prevaricador"],"jetpack_featured_media_url":"https:\/\/www.granadablogs.com\/juezcalatayud\/wp-content\/uploads\/2024\/05\/Emil-tres-scaled.jpg","jetpack_shortlink":"https:\/\/wp.me\/p5fzW5-5F2","jetpack-related-posts":[],"jetpack_sharing_enabled":true,"_links":{"self":[{"href":"https:\/\/www.granadablogs.com\/juezcalatayud\/wp-json\/wp\/v2\/posts\/21764","targetHints":{"allow":["GET"]}}],"collection":[{"href":"https:\/\/www.granadablogs.com\/juezcalatayud\/wp-json\/wp\/v2\/posts"}],"about":[{"href":"https:\/\/www.granadablogs.com\/juezcalatayud\/wp-json\/wp\/v2\/types\/post"}],"author":[{"embeddable":true,"href":"https:\/\/www.granadablogs.com\/juezcalatayud\/wp-json\/wp\/v2\/users\/1"}],"replies":[{"embeddable":true,"href":"https:\/\/www.granadablogs.com\/juezcalatayud\/wp-json\/wp\/v2\/comments?post=21764"}],"version-history":[{"count":3,"href":"https:\/\/www.granadablogs.com\/juezcalatayud\/wp-json\/wp\/v2\/posts\/21764\/revisions"}],"predecessor-version":[{"id":21767,"href":"https:\/\/www.granadablogs.com\/juezcalatayud\/wp-json\/wp\/v2\/posts\/21764\/revisions\/21767"}],"wp:featuredmedia":[{"embeddable":true,"href":"https:\/\/www.granadablogs.com\/juezcalatayud\/wp-json\/wp\/v2\/media\/19567"}],"wp:attachment":[{"href":"https:\/\/www.granadablogs.com\/juezcalatayud\/wp-json\/wp\/v2\/media?parent=21764"}],"wp:term":[{"taxonomy":"category","embeddable":true,"href":"https:\/\/www.granadablogs.com\/juezcalatayud\/wp-json\/wp\/v2\/categories?post=21764"},{"taxonomy":"post_tag","embeddable":true,"href":"https:\/\/www.granadablogs.com\/juezcalatayud\/wp-json\/wp\/v2\/tags?post=21764"}],"curies":[{"name":"wp","href":"https:\/\/api.w.org\/{rel}","templated":true}]}}