{"id":21760,"date":"2025-11-07T21:25:55","date_gmt":"2025-11-07T19:25:55","guid":{"rendered":"https:\/\/www.granadablogs.com\/juezcalatayud\/?p=21760"},"modified":"2025-11-07T21:30:44","modified_gmt":"2025-11-07T19:30:44","slug":"homenaje-al-jefe-entre-tapa-y-tapa-de-grana-yo-he-sido-casi-un-chorizo-y-ya-veis","status":"publish","type":"post","link":"https:\/\/www.granadablogs.com\/juezcalatayud\/2025\/11\/homenaje-al-jefe-entre-tapa-y-tapa-de-grana-yo-he-sido-casi-un-chorizo-y-ya-veis\/","title":{"rendered":"Homenaje al &#8216;jefe&#8217; entre tapa y tapa de Gran\u00e1: \u00abYo he sido casi un chorizo y ya veis\u00bb"},"content":{"rendered":"\n<p>Hola, soy Carlos Mor\u00e1n el compa\u00f1ero de blog y de algunas andanzas de don Emilio. Entre tapa y tapa de Gran\u00e1, como Dios manda, un grupo de amigos y de excompa\u00f1eros de fatigas del &#8216;jefe&#8217; le hemos dado un homenaje por su ya no tan reciente jubilaci\u00f3n. Ha sido bonito. Estaban todas las personas -funcionarios de justicia, trabajadores sociales, polic\u00edas, guardias civiles, psic\u00f3logos&#8230; de hoga\u00f1o y de anta\u00f1o- que a \u00e9l le importaban, adem\u00e1s de su familia, claro est\u00e1, incluidas dos de sus nietas. Tambi\u00e9n autoridades que antes que autoridades son amigos de don Emilio, caso de la Fiscal Superior de Andaluc\u00eda, Ana T\u00e1rrago, y el Teniente Fiscal, Rogelio Mu\u00f1oz. Ambos fueron fiscales de Menores antes de ascender y trabajaron codo con codo con don Emilio. <\/p>\n\n\n\n<p>Todos ellos han dado las gracias por haber tenido la suerte de desarrollar su labor junto a un juez de Menores que escuchaba como nadie a las \u00abmadres destrozadas\u00bb&#8230;. e incluso a los pol\u00edticos, si con eso consegu\u00eda lograr m\u00e1s atenci\u00f3n para su jurisdicci\u00f3n. <\/p>\n\n\n\n<p>\u00c9l, por su parte, record\u00f3 su falta de vocaci\u00f3n: \u00ab\u00bfQu\u00e9 pinto yo de juez?\u00bb, pregunt\u00f3 cuando le animaron a presentarse a unas oposiciones que aprob\u00f3 en solo ocho meses-; su pasado de mal estudiante, \u00abera un desastre\u00bb; y hasta sus flirteos con el lado oscuro: \u00abYo he sido casi un chorizo y ya veis\u00bb. Y hemos brindado por \u00e9l. <\/p>\n\n\n\n<p><\/p>\n","protected":false},"excerpt":{"rendered":"<p>Hola, soy Carlos Mor\u00e1n el compa\u00f1ero de blog y de algunas andanzas de don Emilio. Entre tapa y tapa de Gran\u00e1, como Dios manda, un grupo de amigos y de excompa\u00f1eros de fatigas del &#8216;jefe&#8217; le hemos dado un homenaje por su ya no tan reciente jubilaci\u00f3n. Ha sido bonito. Estaban todas las personas -funcionarios [&hellip;]<\/p>\n","protected":false},"author":3,"featured_media":21762,"comment_status":"open","ping_status":"open","sticky":false,"template":"","format":"standard","meta":{"jetpack_post_was_ever_published":false,"_jetpack_newsletter_access":"","_jetpack_dont_email_post_to_subs":false,"_jetpack_newsletter_tier_id":0,"_jetpack_memberships_contains_paywalled_content":false,"_jetpack_memberships_contains_paid_content":false,"footnotes":""},"categories":[],"tags":[1,12,2170],"class_list":["post-21760","post","type-post","status-publish","format-standard","has-post-thumbnail","hentry","tag-blog","tag-don-emilio","tag-homenaje"],"jetpack_featured_media_url":"https:\/\/www.granadablogs.com\/juezcalatayud\/wp-content\/uploads\/2025\/11\/don-Emilio-dos.jpg","jetpack_shortlink":"https:\/\/wp.me\/p5fzW5-5EY","jetpack-related-posts":[],"jetpack_sharing_enabled":true,"_links":{"self":[{"href":"https:\/\/www.granadablogs.com\/juezcalatayud\/wp-json\/wp\/v2\/posts\/21760","targetHints":{"allow":["GET"]}}],"collection":[{"href":"https:\/\/www.granadablogs.com\/juezcalatayud\/wp-json\/wp\/v2\/posts"}],"about":[{"href":"https:\/\/www.granadablogs.com\/juezcalatayud\/wp-json\/wp\/v2\/types\/post"}],"author":[{"embeddable":true,"href":"https:\/\/www.granadablogs.com\/juezcalatayud\/wp-json\/wp\/v2\/users\/3"}],"replies":[{"embeddable":true,"href":"https:\/\/www.granadablogs.com\/juezcalatayud\/wp-json\/wp\/v2\/comments?post=21760"}],"version-history":[{"count":1,"href":"https:\/\/www.granadablogs.com\/juezcalatayud\/wp-json\/wp\/v2\/posts\/21760\/revisions"}],"predecessor-version":[{"id":21761,"href":"https:\/\/www.granadablogs.com\/juezcalatayud\/wp-json\/wp\/v2\/posts\/21760\/revisions\/21761"}],"wp:featuredmedia":[{"embeddable":true,"href":"https:\/\/www.granadablogs.com\/juezcalatayud\/wp-json\/wp\/v2\/media\/21762"}],"wp:attachment":[{"href":"https:\/\/www.granadablogs.com\/juezcalatayud\/wp-json\/wp\/v2\/media?parent=21760"}],"wp:term":[{"taxonomy":"category","embeddable":true,"href":"https:\/\/www.granadablogs.com\/juezcalatayud\/wp-json\/wp\/v2\/categories?post=21760"},{"taxonomy":"post_tag","embeddable":true,"href":"https:\/\/www.granadablogs.com\/juezcalatayud\/wp-json\/wp\/v2\/tags?post=21760"}],"curies":[{"name":"wp","href":"https:\/\/api.w.org\/{rel}","templated":true}]}}