{"id":21749,"date":"2025-11-04T21:02:15","date_gmt":"2025-11-04T19:02:15","guid":{"rendered":"https:\/\/www.granadablogs.com\/juezcalatayud\/?p=21749"},"modified":"2025-11-04T21:02:15","modified_gmt":"2025-11-04T19:02:15","slug":"que-hace-un-nino-con-una-navaja-en-clase-habra-que-poner-detectores-de-armas-en-los-colegios","status":"publish","type":"post","link":"https:\/\/www.granadablogs.com\/juezcalatayud\/2025\/11\/que-hace-un-nino-con-una-navaja-en-clase-habra-que-poner-detectores-de-armas-en-los-colegios\/","title":{"rendered":"\u00bfQu\u00e9 hace un ni\u00f1o con una navaja en clase? \u00bfHabr\u00e1 que poner detectores de armas en los colegios?"},"content":{"rendered":"\n<p>Buenas, soy Emilio Calatayud. Un ni\u00f1o, presuntamente, ha apu\u00f1alado a un compa\u00f1ero de clase en un instituto de un pueblo de Granada. Y yo me pregunto: \u00bfQu\u00e9 hace un ni\u00f1o con una navaja en clase? \u00bfHabr\u00e1 que poner detectores de armas en los colegios como los que hay en los aeropuertos o en Hacienda? Estamos locos. <\/p>\n\n\n\n<p>Por cierto, el presunto agresor es inimputable. Si las noticias son correctas, no ha alcanzado a la edad penal, que son los catorce a\u00f1os, ese es el l\u00edmite a partir del cual se le puede juzgar y condenar. Pero s\u00ed se puede exigir la responsabilidad civil a sus padres. <\/p>\n","protected":false},"excerpt":{"rendered":"<p>Buenas, soy Emilio Calatayud. Un ni\u00f1o, presuntamente, ha apu\u00f1alado a un compa\u00f1ero de clase en un instituto de un pueblo de Granada. Y yo me pregunto: \u00bfQu\u00e9 hace un ni\u00f1o con una navaja en clase? \u00bfHabr\u00e1 que poner detectores de armas en los colegios como los que hay en los aeropuertos o en Hacienda? Estamos [&hellip;]<\/p>\n","protected":false},"author":1,"featured_media":19569,"comment_status":"open","ping_status":"open","sticky":false,"template":"","format":"standard","meta":{"jetpack_post_was_ever_published":false,"_jetpack_newsletter_access":"","_jetpack_dont_email_post_to_subs":false,"_jetpack_newsletter_tier_id":0,"_jetpack_memberships_contains_paywalled_content":false,"_jetpack_memberships_contains_paid_content":false,"footnotes":""},"categories":[],"tags":[4189,1,1616,207],"class_list":["post-21749","post","type-post","status-publish","format-standard","has-post-thumbnail","hentry","tag-apunala","tag-blog","tag-clase","tag-nino"],"jetpack_featured_media_url":"https:\/\/www.granadablogs.com\/juezcalatayud\/wp-content\/uploads\/2024\/05\/Emil-v.jpg","jetpack_shortlink":"https:\/\/wp.me\/p5fzW5-5EN","jetpack-related-posts":[],"jetpack_sharing_enabled":true,"_links":{"self":[{"href":"https:\/\/www.granadablogs.com\/juezcalatayud\/wp-json\/wp\/v2\/posts\/21749","targetHints":{"allow":["GET"]}}],"collection":[{"href":"https:\/\/www.granadablogs.com\/juezcalatayud\/wp-json\/wp\/v2\/posts"}],"about":[{"href":"https:\/\/www.granadablogs.com\/juezcalatayud\/wp-json\/wp\/v2\/types\/post"}],"author":[{"embeddable":true,"href":"https:\/\/www.granadablogs.com\/juezcalatayud\/wp-json\/wp\/v2\/users\/1"}],"replies":[{"embeddable":true,"href":"https:\/\/www.granadablogs.com\/juezcalatayud\/wp-json\/wp\/v2\/comments?post=21749"}],"version-history":[{"count":1,"href":"https:\/\/www.granadablogs.com\/juezcalatayud\/wp-json\/wp\/v2\/posts\/21749\/revisions"}],"predecessor-version":[{"id":21750,"href":"https:\/\/www.granadablogs.com\/juezcalatayud\/wp-json\/wp\/v2\/posts\/21749\/revisions\/21750"}],"wp:featuredmedia":[{"embeddable":true,"href":"https:\/\/www.granadablogs.com\/juezcalatayud\/wp-json\/wp\/v2\/media\/19569"}],"wp:attachment":[{"href":"https:\/\/www.granadablogs.com\/juezcalatayud\/wp-json\/wp\/v2\/media?parent=21749"}],"wp:term":[{"taxonomy":"category","embeddable":true,"href":"https:\/\/www.granadablogs.com\/juezcalatayud\/wp-json\/wp\/v2\/categories?post=21749"},{"taxonomy":"post_tag","embeddable":true,"href":"https:\/\/www.granadablogs.com\/juezcalatayud\/wp-json\/wp\/v2\/tags?post=21749"}],"curies":[{"name":"wp","href":"https:\/\/api.w.org\/{rel}","templated":true}]}}